{"id":2724,"date":"2025-02-07T10:03:50","date_gmt":"2025-02-07T09:03:50","guid":{"rendered":"http:\/\/www.cineclubdubelvedere.fr\/?p=2724"},"modified":"2025-02-07T10:03:51","modified_gmt":"2025-02-07T09:03:51","slug":"ailleurs","status":"publish","type":"post","link":"http:\/\/www.cineclubdubelvedere.fr\/?p=2724","title":{"rendered":"Ailleurs"},"content":{"rendered":"\n<p>D&rsquo;autres lieux, d&rsquo;autres cin\u00e9-clubs, le m\u00eame engouement de se retrouver pour d\u00e9couvrir, se laisser porter vers d&rsquo;autres images, d&rsquo;autres histoires, et d\u00e9battre.<\/p>\n\n\n\n<p>Envoy\u00e9e par Alain JULIEN,<\/p>\n\n\n\n<blockquote class=\"wp-block-quote is-layout-flow wp-block-quote-is-layout-flow\">\n<p>Faisant de l&rsquo;ordre dans mes photos d&rsquo;autrefois, je vous envoie ce petit&nbsp;<br>clin d&rsquo;oeil<\/p>\n\n\n\n<p>Cette photo a \u00e9t\u00e9 prise \u00e0 Faya Largeau, au fin fond du Tchad, en 2013<\/p>\n\n\n\n<p>Ironie de l&rsquo;histoire, c&rsquo;est de cette petite palmeraie en bordure du&nbsp;<br>Tibesti, que les troupes fran\u00e7aises viennent d&rsquo;\u00eatre pri\u00e9es de rentrer \u00e0&nbsp;<br>la maison. Regretteront -t-elles les folles soir\u00e9es de cin\u00e9 club?. A ma&nbsp;<br>connaissance en 2013 ils \u00e9taient quatre ou cinq bidasses \u00e0 surveiller le&nbsp;<br>d\u00e9sert des tartares en picolant chez Tantine, la seule personne \u00e0 vendre&nbsp;<br>de la bi\u00e8re \u00e0 huit jours \u00e0 la ronde!<\/p>\n<\/blockquote>\n\n\n\n<figure class=\"wp-block-image size-large\"><img loading=\"lazy\" decoding=\"async\" width=\"768\" height=\"1024\" src=\"http:\/\/www.cineclubdubelvedere.fr\/wp-content\/uploads\/2025\/02\/IMG_9697-768x1024.jpg\" alt=\"\" class=\"wp-image-2725\" srcset=\"http:\/\/www.cineclubdubelvedere.fr\/wp-content\/uploads\/2025\/02\/IMG_9697-768x1024.jpg 768w, http:\/\/www.cineclubdubelvedere.fr\/wp-content\/uploads\/2025\/02\/IMG_9697-225x300.jpg 225w, http:\/\/www.cineclubdubelvedere.fr\/wp-content\/uploads\/2025\/02\/IMG_9697-1152x1536.jpg 1152w, http:\/\/www.cineclubdubelvedere.fr\/wp-content\/uploads\/2025\/02\/IMG_9697-1536x2048.jpg 1536w, http:\/\/www.cineclubdubelvedere.fr\/wp-content\/uploads\/2025\/02\/IMG_9697-scaled.jpg 1920w\" sizes=\"auto, (max-width: 768px) 100vw, 768px\" \/><\/figure>\n","protected":false},"excerpt":{"rendered":"<p>D&rsquo;autres lieux, d&rsquo;autres cin\u00e9-clubs, le m\u00eame engouement de se retrouver pour d\u00e9couvrir, se laisser porter vers d&rsquo;autres images, d&rsquo;autres histoires, et d\u00e9battre. Envoy\u00e9e par Alain JULIEN, Faisant de l&rsquo;ordre dans mes photos d&rsquo;autrefois, je vous envoie ce petit&nbsp;clin d&rsquo;oeil Cette photo a \u00e9t\u00e9 prise \u00e0 Faya Largeau, au fin fond du Tchad, en 2013 Ironie <a class=\"more-link\" href=\"http:\/\/www.cineclubdubelvedere.fr\/?p=2724\">Lire plus &#8230;<\/a><\/p>\n","protected":false},"author":1,"featured_media":0,"comment_status":"open","ping_status":"open","sticky":false,"template":"","format":"standard","meta":{"footnotes":""},"categories":[3],"tags":[],"class_list":["post-2724","post","type-post","status-publish","format-standard","hentry","category-contributions"],"_links":{"self":[{"href":"http:\/\/www.cineclubdubelvedere.fr\/index.php?rest_route=\/wp\/v2\/posts\/2724","targetHints":{"allow":["GET"]}}],"collection":[{"href":"http:\/\/www.cineclubdubelvedere.fr\/index.php?rest_route=\/wp\/v2\/posts"}],"about":[{"href":"http:\/\/www.cineclubdubelvedere.fr\/index.php?rest_route=\/wp\/v2\/types\/post"}],"author":[{"embeddable":true,"href":"http:\/\/www.cineclubdubelvedere.fr\/index.php?rest_route=\/wp\/v2\/users\/1"}],"replies":[{"embeddable":true,"href":"http:\/\/www.cineclubdubelvedere.fr\/index.php?rest_route=%2Fwp%2Fv2%2Fcomments&post=2724"}],"version-history":[{"count":1,"href":"http:\/\/www.cineclubdubelvedere.fr\/index.php?rest_route=\/wp\/v2\/posts\/2724\/revisions"}],"predecessor-version":[{"id":2726,"href":"http:\/\/www.cineclubdubelvedere.fr\/index.php?rest_route=\/wp\/v2\/posts\/2724\/revisions\/2726"}],"wp:attachment":[{"href":"http:\/\/www.cineclubdubelvedere.fr\/index.php?rest_route=%2Fwp%2Fv2%2Fmedia&parent=2724"}],"wp:term":[{"taxonomy":"category","embeddable":true,"href":"http:\/\/www.cineclubdubelvedere.fr\/index.php?rest_route=%2Fwp%2Fv2%2Fcategories&post=2724"},{"taxonomy":"post_tag","embeddable":true,"href":"http:\/\/www.cineclubdubelvedere.fr\/index.php?rest_route=%2Fwp%2Fv2%2Ftags&post=2724"}],"curies":[{"name":"wp","href":"https:\/\/api.w.org\/{rel}","templated":true}]}}