{"id":1298,"date":"2017-02-12T20:53:21","date_gmt":"2017-02-12T19:53:21","guid":{"rendered":"http:\/\/www.cineclubdubelvedere.fr\/?p=1298"},"modified":"2017-05-05T18:45:15","modified_gmt":"2017-05-05T17:45:15","slug":"nosferatu-mardi-25-avril-2017","status":"publish","type":"post","link":"https:\/\/www.cineclubdubelvedere.fr\/?p=1298","title":{"rendered":"Nosferatu  &#8212;- mardi 25 avril 2017"},"content":{"rendered":"<p><img loading=\"lazy\" decoding=\"async\" class=\"alignleft size-full wp-image-1301\" src=\"http:\/\/www.cineclubdubelvedere.fr\/wp-content\/uploads\/2017\/03\/nosferatu-le-vampire-affiche_220277_8874.jpg\" alt=\"\" width=\"194\" height=\"498\" srcset=\"https:\/\/www.cineclubdubelvedere.fr\/wp-content\/uploads\/2017\/03\/nosferatu-le-vampire-affiche_220277_8874.jpg 194w, https:\/\/www.cineclubdubelvedere.fr\/wp-content\/uploads\/2017\/03\/nosferatu-le-vampire-affiche_220277_8874-117x300.jpg 117w\" sizes=\"auto, (max-width: 194px) 100vw, 194px\" \/>F. W. Murnau<\/p>\n<p>1922<\/p>\n<p>avec<\/p>\n<ul>\n<li>Max Schreck<\/li>\n<li>Gustav von Wangenheim<\/li>\n<li>Greta Schr\u00f6der<\/li>\n<li>Alexander Granach<\/li>\n<li>Ruth Landshoff<\/li>\n<li>Wolfgang Heinz<\/li>\n<\/ul>\n<p>94 min.<\/p>\n<p>Ce film est inspir\u00e9 du roman de Bram Stoker\u00a0<em>Dracula\u00a0<\/em>publi\u00e9 en 1897. Il est connu pour \u00eatre l&rsquo;un des plus singuliers du cin\u00e9ma muet. Murnau a \u00e9t\u00e9 aid\u00e9 par le fait que le livre semblait pr\u00eat \u00e0 \u00eatre adapt\u00e9 au cin\u00e9ma: il est en effet peu prolixe en dialogues, mais riche en descriptions, ce qui correspond parfaitement au mode de narration visuel du cin\u00e9ma muet.<\/p>\n<p><em>lire la suite sur <a href=\"http:\/\/classiquesducinema.over-blog.com\/article-nosferatu-murnau-1922-51325331.html\" target=\"_blank\" rel=\"noopener noreferrer\">cin\u00e9ma classique<\/a>&#8230;<\/em><\/p>\n<p><a href=\"http:\/\/www.cineclubdubelvedere.fr\/wp-content\/uploads\/2017\/05\/Nosferatu.pdf\">T\u00e9l\u00e9charger la fiche du film<\/a><\/p>\n<p style=\"text-align: center;\"><strong>Nosferatu F.W. Murnau<\/strong> , Allemagne 1922<\/p>\n<p style=\"text-align: center;\">Mardi 25 Avril 2017<\/p>\n<p align=\"justify\">\u00ab\u00a0 Ce film, consid\u00e9r\u00e9 \u00e0 juste titre comme le chef d\u2019\u0153uvre du film fantastique, exprime d\u2019une fa\u00e7on admirable le d\u00e9sarroi d\u2019une \u00e9poque et le trouble d\u2019une \u00e2me. Il apporte pour la premi\u00e8re fois la r\u00e9v\u00e9lation de ce que le cin\u00e9ma, art du vrai soumis toutefois \u00e0 l\u2019interpr\u00e9tation du cr\u00e9ateur, ne traduit jamais mieux l\u2019onirique et le fantastique que par l\u2019interm\u00e9diaire du r\u00e9alisme le plus minutieux. Le\u00e7on que ne seront comprendre \u2013 ou ne pourront pas suivre par manque de culture et de talent \u2013 ni les cohortes de Dracula inspir\u00e9s des r\u00eaves du m\u00eame Bram Stoker ni la plupart des explorateurs du cin\u00e9ma fantastique.\u00a0\u00bb<\/p>\n<p align=\"justify\">Roger Boussinot, <em>L\u2019Encyclop\u00e9die du Cin\u00e9ma<\/em>, Bordas 1980<\/p>\n<p align=\"justify\">\u00ab\u00a0\u0152uvre maitresse du cin\u00e9ma muet germanique, paradoxalement plus fid\u00e8le au roman que les premi\u00e8res versions parlantes.. L\u2019interpr\u00e9tation de Max Schreck dans le r\u00f4le-titre a conserv\u00e9 tout son potentiel terrifiant, v\u00e9ritable incarnation de l\u2019au-del\u00e0 avec sa face de zombie d\u00e9charn\u00e9\u00a0: rarement interpr\u00e8te fut aussi proche de l\u2019id\u00e9e que l\u2019on se fait du personnage qu\u2019il repr\u00e9sente, d\u2019autant plus que, \u00e0 notre connaissance, le maquillage n\u2019en est gu\u00e8re responsable\u2026 Cette premi\u00e8re incarnation de Dracula au cin\u00e9ma n\u2019en demeure pas moins une approche tr\u00e8s juste du mythe qui allait, avec la venue du parlant, d\u00e9ferler r\u00e9guli\u00e8rement et inlassablement.\u00a0\u00bb<\/p>\n<p align=\"justify\">Jean-Pierre Andrevon, <em>100 ans de Cin\u00e9ma Fantastique et de Science-Fiction<\/em>, Rouge Profond, 2013<\/p>\n<p align=\"justify\">\u00ab\u00a0Un po\u00e8me m\u00e9taphysique dans lequel les sources de la mort ont vocation \u2013 une vocation inexorable \u2013 d\u2019attirer \u00e0 elles, d\u2019attirer d\u2019absorber les forces de la vie, sans que n\u2019intervienne dans la description de cette lutte aucun manich\u00e9isme moralisant.\u00a0\u00bb (Jacques Lourcelle)<\/p>\n<p align=\"justify\">Les traits caract\u00e9ristiques de l\u2019expressionisme cin\u00e9matographique sont tous intimement li\u00e9s \u00e0 la d\u00e9faite de 1918.et \u00e0 l\u2019\u00e9tat socio\u00e9conomique de l\u2019Allemagne\u2026 C\u2019est l\u2019\u00e9tat psychologique d\u2019un pays qui se manifeste dans les films expressionnistes.<\/p>\n<p align=\"justify\"><strong><em>Caract\u00e9ristiques g\u00e9n\u00e9rales de l\u2019expressionnisme<\/em><\/strong><\/p>\n<p align=\"justify\"><em>Les d\u00e9cors\u00a0:<\/em> ces derniers sont hyper stylis\u00e9s. Les jeux de perspective sont la plupart du temps fauss\u00e9s, les rues et les maisons sont d\u00e9form\u00e9es, les formes sont exacerb\u00e9es. Ces d\u00e9cors contribuent \u00e0 g\u00e9n\u00e9rer des atmosph\u00e8res angoissantes, aux dissonances multiples en accord avec les troubles ressentis par les h\u00e9ros.<\/p>\n<p align=\"justify\"><em>Les lumi\u00e8res\u00a0:<\/em> cherchent \u00e0 renforcer les contrastes entre les zones d\u2019ombre et de lumi\u00e8re. Fr\u00e9quemment les ombres repr\u00e9sentent le double des personnages. Elles dessinent des formes et des lignes tant sur les d\u00e9cors que sur les acteurs accentuant ainsi les symboliques mises en \u0153uvre.<\/p>\n<p align=\"justify\"><em>Le maquillage et les costumes\u00a0:<\/em> souvent outranciers, antir\u00e9alistes. ..Ils donnent le sentiment que certains h\u00e9ros portent des masques.<\/p>\n<p align=\"justify\"><em>Les personnages\u00a0:<\/em> inqui\u00e9tants ou inqui\u00e9t\u00e9s.<\/p>\n<p align=\"justify\"><em>Le jeu des acteurs\u00a0:<\/em> caricatur\u00e9 et stylis\u00e9.<\/p>\n<p align=\"justify\"><em>Les th\u00e8mes\u00a0:<\/em> ils trouvent essentiellement leur origine dans le romantisme. C\u2019est pourquoi la folie, la mort la fatalit\u00e9, le destin sont fort pr\u00e9sents. Mais le contexte historico politique et la psychanalyse sont \u00e9galement des sources d\u2019inspiration signifiantes.<\/p>\n<p align=\"justify\">R\u00e9sum\u00e9 et adapt\u00e9 de <em>Nosferatu le vampire<\/em>, piste p\u00e9dagogique r\u00e9alis\u00e9e par Marie France Touati-Caraguel et Fran\u00e7ois Perron.<\/p>\n","protected":false},"excerpt":{"rendered":"<p>F. W. Murnau 1922 avec Max Schreck Gustav von Wangenheim Greta Schr\u00f6der Alexander Granach Ruth Landshoff Wolfgang Heinz 94 min. Ce film est inspir\u00e9 du roman de Bram Stoker\u00a0Dracula\u00a0publi\u00e9 en 1897. Il est connu pour \u00eatre l&rsquo;un des plus singuliers du cin\u00e9ma muet. Murnau a \u00e9t\u00e9 aid\u00e9 par le fait que le livre semblait pr\u00eat <a class=\"more-link\" href=\"https:\/\/www.cineclubdubelvedere.fr\/?p=1298\">Lire plus &#8230;<\/a><\/p>\n","protected":false},"author":1,"featured_media":1302,"comment_status":"open","ping_status":"open","sticky":false,"template":"","format":"standard","meta":{"footnotes":""},"categories":[8],"tags":[],"class_list":["post-1298","post","type-post","status-publish","format-standard","has-post-thumbnail","hentry","category-archives"],"_links":{"self":[{"href":"https:\/\/www.cineclubdubelvedere.fr\/index.php?rest_route=\/wp\/v2\/posts\/1298","targetHints":{"allow":["GET"]}}],"collection":[{"href":"https:\/\/www.cineclubdubelvedere.fr\/index.php?rest_route=\/wp\/v2\/posts"}],"about":[{"href":"https:\/\/www.cineclubdubelvedere.fr\/index.php?rest_route=\/wp\/v2\/types\/post"}],"author":[{"embeddable":true,"href":"https:\/\/www.cineclubdubelvedere.fr\/index.php?rest_route=\/wp\/v2\/users\/1"}],"replies":[{"embeddable":true,"href":"https:\/\/www.cineclubdubelvedere.fr\/index.php?rest_route=%2Fwp%2Fv2%2Fcomments&post=1298"}],"version-history":[{"count":8,"href":"https:\/\/www.cineclubdubelvedere.fr\/index.php?rest_route=\/wp\/v2\/posts\/1298\/revisions"}],"predecessor-version":[{"id":1355,"href":"https:\/\/www.cineclubdubelvedere.fr\/index.php?rest_route=\/wp\/v2\/posts\/1298\/revisions\/1355"}],"wp:featuredmedia":[{"embeddable":true,"href":"https:\/\/www.cineclubdubelvedere.fr\/index.php?rest_route=\/wp\/v2\/media\/1302"}],"wp:attachment":[{"href":"https:\/\/www.cineclubdubelvedere.fr\/index.php?rest_route=%2Fwp%2Fv2%2Fmedia&parent=1298"}],"wp:term":[{"taxonomy":"category","embeddable":true,"href":"https:\/\/www.cineclubdubelvedere.fr\/index.php?rest_route=%2Fwp%2Fv2%2Fcategories&post=1298"},{"taxonomy":"post_tag","embeddable":true,"href":"https:\/\/www.cineclubdubelvedere.fr\/index.php?rest_route=%2Fwp%2Fv2%2Ftags&post=1298"}],"curies":[{"name":"wp","href":"https:\/\/api.w.org\/{rel}","templated":true}]}}