{"id":1367,"date":"2017-09-01T12:33:36","date_gmt":"2017-09-01T11:33:36","guid":{"rendered":"http:\/\/www.cineclubdubelvedere.fr\/?p=1367"},"modified":"2018-09-03T09:11:24","modified_gmt":"2018-09-03T08:11:24","slug":"cache-mardi-17-octobre-2017","status":"publish","type":"post","link":"https:\/\/www.cineclubdubelvedere.fr\/?p=1367","title":{"rendered":"Cach\u00e9 &#8212; Mardi 17 octobre 2017"},"content":{"rendered":"<p><img loading=\"lazy\" decoding=\"async\" class=\"alignleft size-full wp-image-1407\" src=\"http:\/\/www.cineclubdubelvedere.fr\/wp-content\/uploads\/2017\/09\/Cach\u00e9-diner.jpg\" alt=\"\" width=\"728\" height=\"409\" srcset=\"https:\/\/www.cineclubdubelvedere.fr\/wp-content\/uploads\/2017\/09\/Cach\u00e9-diner.jpg 728w, https:\/\/www.cineclubdubelvedere.fr\/wp-content\/uploads\/2017\/09\/Cach\u00e9-diner-300x169.jpg 300w, https:\/\/www.cineclubdubelvedere.fr\/wp-content\/uploads\/2017\/09\/Cach\u00e9-diner-624x351.jpg 624w\" sizes=\"auto, (max-width: 728px) 100vw, 728px\" \/><\/p>\n<p>&nbsp;<\/p>\n<p>L&rsquo;entr\u00e9e d&rsquo;un immeuble parisien. C&rsquo;est une vid\u00e9o qu&rsquo;Anne et Georges Laurent sont en train de regarder. Cet immeuble est le leur, et la cassette a \u00e9t\u00e9 envoy\u00e9e sans aucun commentaire. Cette vid\u00e9o anonyme n&rsquo;est l\u00e0 que pour leur prouver qu&rsquo;il sont espionn\u00e9s en permanence. Qui peut leur en vouloir ? Georges anime une \u00e9mission litt\u00e9raire \u00e0 la t\u00e9l\u00e9vision avec un certain succ\u00e8s. Il m\u00e8ne une vie calme en compagnie de son \u00e9pouse et de leur fils Pierrot. Deux autres cassettes vont lui parvenir. Georges commence \u00e0 comprendre. Un fait tragique de son enfance lui revient&#8230;.<\/p>\n<p><a style=\"font-size: 1rem;\" href=\"http:\/\/www.telerama.fr\/personnalite\/michael-haneke,2205.php\" target=\"_blank\" rel=\"noopener\">Mich\u00e6l Haneke<\/a><span style=\"font-size: 1rem;\"> (2005)<\/span><\/p>\n<table style=\"height: 447px;\" width=\"302\">\n<tbody>\n<tr>\n<td><a href=\"http:\/\/www.telerama.fr\/personnalite\/daniel-auteuil,1320.php\">Daniel Auteuil<\/a><\/td>\n<td><span class=\"lightgrey\">Georges Laurent<\/span><\/td>\n<\/tr>\n<tr>\n<td><a href=\"http:\/\/www.telerama.fr\/personnalite\/juliette-binoche,64.php\">Juliette Binoche<\/a><\/td>\n<td><span class=\"lightgrey\">Anne Laurent<\/span><\/td>\n<\/tr>\n<tr>\n<td><a href=\"http:\/\/www.telerama.fr\/personnalite\/maurice-benichou,2207.php\">Maurice B\u00e9nichou<\/a><\/td>\n<td><span class=\"lightgrey\">Majid<\/span><\/td>\n<\/tr>\n<tr>\n<td><a href=\"http:\/\/www.telerama.fr\/personnalite\/annie-girardot,2206.php\">Annie Girardot<\/a><\/td>\n<td><span class=\"lightgrey\">la m\u00e8re de Georges<\/span><\/td>\n<\/tr>\n<tr>\n<td><a href=\"http:\/\/www.telerama.fr\/personnalite\/lester-makedonsky,372185.php\">Makedonsky Lester<\/a><\/td>\n<td><span class=\"lightgrey\">Pierrot Laurent<\/span><\/td>\n<\/tr>\n<tr>\n<td><a href=\"http:\/\/www.telerama.fr\/personnalite\/bernard-le-coq,7395.php\">Bernard Le Coq<\/a><\/td>\n<td><span class=\"lightgrey\">le r\u00e9dacteur en chef<\/span><\/td>\n<\/tr>\n<tr>\n<td><a href=\"http:\/\/www.telerama.fr\/personnalite\/daniel-duval,897.php\">Daniel Duval<\/a><\/td>\n<td><span class=\"lightgrey\">Pierre<\/span><\/td>\n<\/tr>\n<tr>\n<td><a href=\"http:\/\/www.telerama.fr\/personnalite\/walid-afkir,30715.php\">Walid Afkir<\/a><\/td>\n<td><span class=\"lightgrey\">le fils de Majid<\/span><\/td>\n<\/tr>\n<tr>\n<td><a href=\"http:\/\/www.telerama.fr\/personnalite\/nathalie-richard,13004.php\">Nathalie Richard<\/a><\/td>\n<td><span class=\"lightgrey\">Mathilde<\/span><\/td>\n<\/tr>\n<tr>\n<td><a href=\"http:\/\/www.telerama.fr\/personnalite\/denis-podalydes,214.php\">Denis Podalyd\u00e8s<\/a><\/td>\n<td><span class=\"lightgrey\">Yvon<\/span><\/td>\n<\/tr>\n<tr>\n<td><a href=\"http:\/\/www.telerama.fr\/personnalite\/aissa-maiga,8727.php\">A\u00efssa Ma\u00efga<\/a><\/td>\n<td><span class=\"lightgrey\">Chantal<\/span><\/td>\n<\/tr>\n<tr>\n<td><a href=\"http:\/\/www.telerama.fr\/personnalite\/christian-benedetti,11799.php\">Benedetti Christian<\/a><\/td>\n<td><span class=\"lightgrey\">le p\u00e8re de Georges<\/span><\/td>\n<\/tr>\n<\/tbody>\n<\/table>\n<p>Article sur <a href=\"http:\/\/www.telerama.fr\/cinema\/films\/cache,224413,critique.php\" target=\"_blank\" rel=\"noopener\">Telerama<\/a><\/p>\n<p><a href=\"http:\/\/www.etatdexception.net\/cache-de-michael-haneke-ou-le-retour-du-refoule-du-17-octobre-1961\/\" target=\"_blank\" rel=\"noopener\">L&rsquo;\u00e9tat d&rsquo;exception<\/a><\/p>\n<p>Cours de cin\u00e9ma par Philippe Rouyer (<a href=\"https:\/\/www.dailymotion.com\/video\/xl9iiv_cache-de-michael-haneke-philippe-rouyer_shortfilms\" target=\"_blank\" rel=\"noopener\">vid\u00e9o<\/a>)<\/p>\n","protected":false},"excerpt":{"rendered":"<p>&nbsp; L&rsquo;entr\u00e9e d&rsquo;un immeuble parisien. C&rsquo;est une vid\u00e9o qu&rsquo;Anne et Georges Laurent sont en train de regarder. Cet immeuble est le leur, et la cassette a \u00e9t\u00e9 envoy\u00e9e sans aucun commentaire. Cette vid\u00e9o anonyme n&rsquo;est l\u00e0 que pour leur prouver qu&rsquo;il sont espionn\u00e9s en permanence. Qui peut leur en vouloir ? Georges anime une \u00e9mission <a class=\"more-link\" href=\"https:\/\/www.cineclubdubelvedere.fr\/?p=1367\">Lire plus &#8230;<\/a><\/p>\n","protected":false},"author":1,"featured_media":1406,"comment_status":"open","ping_status":"open","sticky":false,"template":"","format":"standard","meta":{"footnotes":""},"categories":[8],"tags":[],"class_list":["post-1367","post","type-post","status-publish","format-standard","has-post-thumbnail","hentry","category-archives"],"_links":{"self":[{"href":"https:\/\/www.cineclubdubelvedere.fr\/index.php?rest_route=\/wp\/v2\/posts\/1367","targetHints":{"allow":["GET"]}}],"collection":[{"href":"https:\/\/www.cineclubdubelvedere.fr\/index.php?rest_route=\/wp\/v2\/posts"}],"about":[{"href":"https:\/\/www.cineclubdubelvedere.fr\/index.php?rest_route=\/wp\/v2\/types\/post"}],"author":[{"embeddable":true,"href":"https:\/\/www.cineclubdubelvedere.fr\/index.php?rest_route=\/wp\/v2\/users\/1"}],"replies":[{"embeddable":true,"href":"https:\/\/www.cineclubdubelvedere.fr\/index.php?rest_route=%2Fwp%2Fv2%2Fcomments&post=1367"}],"version-history":[{"count":8,"href":"https:\/\/www.cineclubdubelvedere.fr\/index.php?rest_route=\/wp\/v2\/posts\/1367\/revisions"}],"predecessor-version":[{"id":1651,"href":"https:\/\/www.cineclubdubelvedere.fr\/index.php?rest_route=\/wp\/v2\/posts\/1367\/revisions\/1651"}],"wp:featuredmedia":[{"embeddable":true,"href":"https:\/\/www.cineclubdubelvedere.fr\/index.php?rest_route=\/wp\/v2\/media\/1406"}],"wp:attachment":[{"href":"https:\/\/www.cineclubdubelvedere.fr\/index.php?rest_route=%2Fwp%2Fv2%2Fmedia&parent=1367"}],"wp:term":[{"taxonomy":"category","embeddable":true,"href":"https:\/\/www.cineclubdubelvedere.fr\/index.php?rest_route=%2Fwp%2Fv2%2Fcategories&post=1367"},{"taxonomy":"post_tag","embeddable":true,"href":"https:\/\/www.cineclubdubelvedere.fr\/index.php?rest_route=%2Fwp%2Fv2%2Ftags&post=1367"}],"curies":[{"name":"wp","href":"https:\/\/api.w.org\/{rel}","templated":true}]}}