{"id":1379,"date":"2017-08-25T15:30:23","date_gmt":"2017-08-25T14:30:23","guid":{"rendered":"http:\/\/www.cineclubdubelvedere.fr\/?p=1379"},"modified":"2018-09-03T09:14:12","modified_gmt":"2018-09-03T08:14:12","slug":"le-bonheur-mardi-13-fevrier-2018","status":"publish","type":"post","link":"https:\/\/www.cineclubdubelvedere.fr\/?p=1379","title":{"rendered":"Le Bonheur &#8212; Mardi 13 f\u00e9vrier 2018"},"content":{"rendered":"<p>Fran\u00e7ois a \u00e9pous\u00e9 Th\u00e9r\u00e8se, qui lui a donn\u00e9 deux enfants. Le jeune couple vaque \u00e0 son bonheur tranquille et sinc\u00e8re, rythm\u00e9 par des joies simples et partag\u00e9es. Puis, au hasard d&rsquo;une communication t\u00e9l\u00e9phonique, Fran\u00e7ois rencontre Emilie. Le coup de foudre est r\u00e9ciproque. A pr\u00e9sent nanti d&rsquo;une ma\u00eetresse, Fran\u00e7ois s&rsquo;imagine pouvoir concilier ses deux existences et croit m\u00eame que l&rsquo;amour qu&rsquo;il \u00e9prouve pour Emilie ne fait que renforcer celui qu&rsquo;il ressent pour Th\u00e9r\u00e8se. Il pousse la candeur jusqu&rsquo;\u00e0 tout avouer \u00e0 son \u00e9pouse et \u00e0 lui demander d&rsquo;admettre la situation telle qu&rsquo;elle est&#8230;(<a href=\"http:\/\/www.telerama.fr\/cinema\/films\/le-bonheur,7344.php\" target=\"_blank\" rel=\"noopener\">T\u00e9l\u00e9rama<\/a>)<\/p>\n<p>Le Bonheur &#8211;&nbsp;<a href=\"http:\/\/www.cineclubdubelvedere.fr\/wp-content\/uploads\/2017\/09\/le-bohneur-2.jpg\"><img loading=\"lazy\" decoding=\"async\" class=\"alignleft wp-image-1476 size-medium\" src=\"http:\/\/www.cineclubdubelvedere.fr\/wp-content\/uploads\/2017\/09\/le-bohneur-2-226x300.jpg\" alt=\"\" width=\"226\" height=\"300\" srcset=\"https:\/\/www.cineclubdubelvedere.fr\/wp-content\/uploads\/2017\/09\/le-bohneur-2-226x300.jpg 226w, https:\/\/www.cineclubdubelvedere.fr\/wp-content\/uploads\/2017\/09\/le-bohneur-2-624x828.jpg 624w, https:\/\/www.cineclubdubelvedere.fr\/wp-content\/uploads\/2017\/09\/le-bohneur-2.jpg 635w\" sizes=\"auto, (max-width: 226px) 100vw, 226px\" \/><\/a>France&nbsp;&#8211;&nbsp;1965<\/p>\n<ul>\n<li class=\"film-realisation\">R\u00e9alisation : <a class=\"author\" href=\"https:\/\/www.critikat.com\/realisateurs\/varda_agnes\/\">Agn\u00e8s Varda<\/a><\/li>\n<li class=\"film-scenario\">Sc\u00e9nario : Agn\u00e8s Varda<\/li>\n<li class=\"film-photo\">Image : Jean Rabier<\/li>\n<li class=\"film-montage\">Montage : Janine Verneau<\/li>\n<li class=\"film-musique\">Musique : Jean-Michel Defaye, Mozart<\/li>\n<li class=\"film-producteur\">Producteur(s) : Mag Bodard<\/li>\n<li class=\"film-interpretation\">Interpr\u00e9tation : Jean-Claude Drouot, Claire Drouot, Marie-France Boyer, Olivier Drouot, Sandrine Drouot, Paul Vecchiali&#8230;<\/li>\n<li class=\"film-distribution\">Distributeur : Cin\u00e9-Tamaris<\/li>\n<li class=\"film-duree\">Dur\u00e9e : 1h25<\/li>\n<\/ul>\n<p><a href=\"https:\/\/www.critikat.com\/actualite-cine\/critique\/le-bonheur-2\/\" target=\"_blank\" rel=\"noopener\">Article sur critikat<\/a><\/p>\n<p><a href=\"http:\/\/abrideabattue.blogspot.fr\/2008\/03\/le-bonheur-selon-agnes-varda.html\" target=\"_blank\" rel=\"noopener\">Article sur la bride abattue<\/a><\/p>\n<p><a href=\"https:\/\/www.cineclubdecaen.com\/realisat\/varda\/bonheur.htm\" target=\"_blank\" rel=\"noopener\">Article sur cin\u00e9club de Caen<\/a><\/p>\n<p><img loading=\"lazy\" decoding=\"async\" class=\"alignleft size-medium wp-image-1475\" src=\"http:\/\/www.cineclubdubelvedere.fr\/wp-content\/uploads\/2017\/09\/le-bohneur-1-300x189.jpg\" alt=\"\" width=\"300\" height=\"189\" srcset=\"https:\/\/www.cineclubdubelvedere.fr\/wp-content\/uploads\/2017\/09\/le-bohneur-1-300x189.jpg 300w, https:\/\/www.cineclubdubelvedere.fr\/wp-content\/uploads\/2017\/09\/le-bohneur-1-768x483.jpg 768w, https:\/\/www.cineclubdubelvedere.fr\/wp-content\/uploads\/2017\/09\/le-bohneur-1-1024x644.jpg 1024w, https:\/\/www.cineclubdubelvedere.fr\/wp-content\/uploads\/2017\/09\/le-bohneur-1-624x393.jpg 624w, https:\/\/www.cineclubdubelvedere.fr\/wp-content\/uploads\/2017\/09\/le-bohneur-1.jpg 1200w\" sizes=\"auto, (max-width: 300px) 100vw, 300px\" \/><\/p>\n<p>&nbsp;<\/p>\n<p><a href=\"http:\/\/www.cineclubdubelvedere.fr\/wp-content\/uploads\/2017\/09\/le-bonheur-3.png\"><img loading=\"lazy\" decoding=\"async\" class=\"alignleft size-medium wp-image-1479\" src=\"http:\/\/www.cineclubdubelvedere.fr\/wp-content\/uploads\/2017\/09\/le-bonheur-3-300x188.png\" alt=\"\" width=\"300\" height=\"188\" srcset=\"https:\/\/www.cineclubdubelvedere.fr\/wp-content\/uploads\/2017\/09\/le-bonheur-3-300x188.png 300w, https:\/\/www.cineclubdubelvedere.fr\/wp-content\/uploads\/2017\/09\/le-bonheur-3-768x480.png 768w, https:\/\/www.cineclubdubelvedere.fr\/wp-content\/uploads\/2017\/09\/le-bonheur-3-1024x640.png 1024w, https:\/\/www.cineclubdubelvedere.fr\/wp-content\/uploads\/2017\/09\/le-bonheur-3-624x390.png 624w\" sizes=\"auto, (max-width: 300px) 100vw, 300px\" \/><\/a><\/p>\n","protected":false},"excerpt":{"rendered":"<p>Fran\u00e7ois a \u00e9pous\u00e9 Th\u00e9r\u00e8se, qui lui a donn\u00e9 deux enfants. Le jeune couple vaque \u00e0 son bonheur tranquille et sinc\u00e8re, rythm\u00e9 par des joies simples et partag\u00e9es. Puis, au hasard d&rsquo;une communication t\u00e9l\u00e9phonique, Fran\u00e7ois rencontre Emilie. Le coup de foudre est r\u00e9ciproque. A pr\u00e9sent nanti d&rsquo;une ma\u00eetresse, Fran\u00e7ois s&rsquo;imagine pouvoir concilier ses deux existences et <a class=\"more-link\" href=\"https:\/\/www.cineclubdubelvedere.fr\/?p=1379\">Lire plus &#8230;<\/a><\/p>\n","protected":false},"author":1,"featured_media":1474,"comment_status":"open","ping_status":"open","sticky":false,"template":"","format":"standard","meta":{"footnotes":""},"categories":[8],"tags":[],"class_list":["post-1379","post","type-post","status-publish","format-standard","has-post-thumbnail","hentry","category-archives"],"_links":{"self":[{"href":"https:\/\/www.cineclubdubelvedere.fr\/index.php?rest_route=\/wp\/v2\/posts\/1379","targetHints":{"allow":["GET"]}}],"collection":[{"href":"https:\/\/www.cineclubdubelvedere.fr\/index.php?rest_route=\/wp\/v2\/posts"}],"about":[{"href":"https:\/\/www.cineclubdubelvedere.fr\/index.php?rest_route=\/wp\/v2\/types\/post"}],"author":[{"embeddable":true,"href":"https:\/\/www.cineclubdubelvedere.fr\/index.php?rest_route=\/wp\/v2\/users\/1"}],"replies":[{"embeddable":true,"href":"https:\/\/www.cineclubdubelvedere.fr\/index.php?rest_route=%2Fwp%2Fv2%2Fcomments&post=1379"}],"version-history":[{"count":7,"href":"https:\/\/www.cineclubdubelvedere.fr\/index.php?rest_route=\/wp\/v2\/posts\/1379\/revisions"}],"predecessor-version":[{"id":1625,"href":"https:\/\/www.cineclubdubelvedere.fr\/index.php?rest_route=\/wp\/v2\/posts\/1379\/revisions\/1625"}],"wp:featuredmedia":[{"embeddable":true,"href":"https:\/\/www.cineclubdubelvedere.fr\/index.php?rest_route=\/wp\/v2\/media\/1474"}],"wp:attachment":[{"href":"https:\/\/www.cineclubdubelvedere.fr\/index.php?rest_route=%2Fwp%2Fv2%2Fmedia&parent=1379"}],"wp:term":[{"taxonomy":"category","embeddable":true,"href":"https:\/\/www.cineclubdubelvedere.fr\/index.php?rest_route=%2Fwp%2Fv2%2Fcategories&post=1379"},{"taxonomy":"post_tag","embeddable":true,"href":"https:\/\/www.cineclubdubelvedere.fr\/index.php?rest_route=%2Fwp%2Fv2%2Ftags&post=1379"}],"curies":[{"name":"wp","href":"https:\/\/api.w.org\/{rel}","templated":true}]}}