{"id":1383,"date":"2017-08-23T15:10:26","date_gmt":"2017-08-23T14:10:26","guid":{"rendered":"http:\/\/www.cineclubdubelvedere.fr\/?p=1383"},"modified":"2018-09-03T09:23:48","modified_gmt":"2018-09-03T08:23:48","slug":"calmos-mardi-27-mars-2018","status":"publish","type":"post","link":"https:\/\/www.cineclubdubelvedere.fr\/?p=1383","title":{"rendered":"Calmos &#8212; Mardi 27 mars 2018"},"content":{"rendered":"<p>Deux hommes, ext\u00e9nu\u00e9s par les femmes, abandonnent tout pour aller s&rsquo;installer dans un village perdu. Ils y rencontrent un cur\u00e9 truculent et soiffard qui les rappelle aux plaisirs simples de la vie. Bient\u00f4t, leur exemple inspire des milliers d&rsquo;hommes et des cohortes de m\u00e2les d\u00e9boussol\u00e9s quittent alors les villes, fuyant l&rsquo;hyst\u00e9rie f\u00e9ministe des ann\u00e9es 1970. Mais bient\u00f4t arrive un escadron d&rsquo;amazones nymphomanes&#8230;<\/p>\n<p><a href=\"http:\/\/www.cineclubdubelvedere.fr\/wp-content\/uploads\/2017\/09\/calmos-affiche.jpg\"><img loading=\"lazy\" decoding=\"async\" class=\"size-medium wp-image-1539 aligncenter\" src=\"http:\/\/www.cineclubdubelvedere.fr\/wp-content\/uploads\/2017\/09\/calmos-affiche-223x300.jpg\" alt=\"\" width=\"223\" height=\"300\" srcset=\"https:\/\/www.cineclubdubelvedere.fr\/wp-content\/uploads\/2017\/09\/calmos-affiche-223x300.jpg 223w, https:\/\/www.cineclubdubelvedere.fr\/wp-content\/uploads\/2017\/09\/calmos-affiche-768x1034.jpg 768w, https:\/\/www.cineclubdubelvedere.fr\/wp-content\/uploads\/2017\/09\/calmos-affiche-760x1024.jpg 760w, https:\/\/www.cineclubdubelvedere.fr\/wp-content\/uploads\/2017\/09\/calmos-affiche-624x840.jpg 624w, https:\/\/www.cineclubdubelvedere.fr\/wp-content\/uploads\/2017\/09\/calmos-affiche.jpg 868w\" sizes=\"auto, (max-width: 223px) 100vw, 223px\" \/><\/a><\/p>\n<p><a href=\"http:\/\/www.cineclubdubelvedere.fr\/wp-content\/uploads\/2017\/09\/calmos-1.jpg\"><img loading=\"lazy\" decoding=\"async\" class=\"wp-image-1536 size-medium aligncenter\" src=\"http:\/\/www.cineclubdubelvedere.fr\/wp-content\/uploads\/2017\/09\/calmos-1-300x130.jpg\" alt=\"\" width=\"300\" height=\"130\" srcset=\"https:\/\/www.cineclubdubelvedere.fr\/wp-content\/uploads\/2017\/09\/calmos-1-300x130.jpg 300w, https:\/\/www.cineclubdubelvedere.fr\/wp-content\/uploads\/2017\/09\/calmos-1.jpg 600w\" sizes=\"auto, (max-width: 300px) 100vw, 300px\" \/><\/a><\/p>\n<div>&nbsp;<\/div>\n<div>&nbsp;<\/div>\n<div>&nbsp;<\/div>\n<div><a href=\"http:\/\/www.cineclubdubelvedere.fr\/wp-content\/uploads\/2017\/09\/calmos-affiche-2.jpg\"><img loading=\"lazy\" decoding=\"async\" class=\"size-medium wp-image-1540 aligncenter\" src=\"http:\/\/www.cineclubdubelvedere.fr\/wp-content\/uploads\/2017\/09\/calmos-affiche-2-200x300.jpg\" alt=\"\" width=\"200\" height=\"300\" srcset=\"https:\/\/www.cineclubdubelvedere.fr\/wp-content\/uploads\/2017\/09\/calmos-affiche-2-200x300.jpg 200w, https:\/\/www.cineclubdubelvedere.fr\/wp-content\/uploads\/2017\/09\/calmos-affiche-2-768x1152.jpg 768w, https:\/\/www.cineclubdubelvedere.fr\/wp-content\/uploads\/2017\/09\/calmos-affiche-2-683x1024.jpg 683w, https:\/\/www.cineclubdubelvedere.fr\/wp-content\/uploads\/2017\/09\/calmos-affiche-2-624x936.jpg 624w, https:\/\/www.cineclubdubelvedere.fr\/wp-content\/uploads\/2017\/09\/calmos-affiche-2.jpg 780w\" sizes=\"auto, (max-width: 200px) 100vw, 200px\" \/><\/a><\/div>\n<div>&nbsp;<\/div>\n<div>&nbsp;<\/div>\n<div>&nbsp;<\/div>\n<div class=\"casting--header\"><strong>R\u00e9alisateur<\/strong>&nbsp;<\/div>\n<div class=\"casting--header\">Bertrand Blier<\/div>\n<div>&nbsp;<\/div>\n<div class=\"casting--header\"><strong>Musique<\/strong>&nbsp;<\/div>\n<div class=\"casting--header\">Georges Delerue<\/div>\n<div>&nbsp;<\/div>\n<div class=\"casting--header\"><strong>Acteurs<\/strong><\/div>\n<div><span style=\"font-size: 1rem;\">Jean-Pierre Marielle &#8211; Paul Dufour<\/span><\/div>\n<div>&nbsp;<\/div>\n<div>\n<p>Jean Rochefort &#8211; Albert<\/p>\n<p>Brigitte Fossey &#8211; Suzanne Dufour<\/p>\n<p>Bernard Blier &#8211; l&rsquo;abb\u00e9 Emile<\/p>\n<p>Pierre Bertin &#8211; le chanoine<\/p>\n<p>Michel Peyrelon &#8211; le PDG<\/p>\n<p>Claude Pi\u00e9plu &#8211; l&rsquo;ancien combattant<\/p>\n<p>Micheline Kahn &#8211; Genevi\u00e8ve<\/p>\n<p><a href=\"http:\/\/www.cineclubdubelvedere.fr\/wp-content\/uploads\/2017\/09\/calmos-2.jpg\"><img loading=\"lazy\" decoding=\"async\" class=\"size-medium wp-image-1537 aligncenter\" src=\"http:\/\/www.cineclubdubelvedere.fr\/wp-content\/uploads\/2017\/09\/calmos-2-300x164.jpg\" alt=\"\" width=\"300\" height=\"164\" srcset=\"https:\/\/www.cineclubdubelvedere.fr\/wp-content\/uploads\/2017\/09\/calmos-2-300x164.jpg 300w, https:\/\/www.cineclubdubelvedere.fr\/wp-content\/uploads\/2017\/09\/calmos-2-768x420.jpg 768w, https:\/\/www.cineclubdubelvedere.fr\/wp-content\/uploads\/2017\/09\/calmos-2-624x341.jpg 624w, https:\/\/www.cineclubdubelvedere.fr\/wp-content\/uploads\/2017\/09\/calmos-2.jpg 800w\" sizes=\"auto, (max-width: 300px) 100vw, 300px\" \/><\/a><\/p>\n<p><a href=\"http:\/\/www.cineclubdubelvedere.fr\/wp-content\/uploads\/2017\/09\/calmos-3.jpg\"><img loading=\"lazy\" decoding=\"async\" class=\"size-medium wp-image-1538 aligncenter\" src=\"http:\/\/www.cineclubdubelvedere.fr\/wp-content\/uploads\/2017\/09\/calmos-3-300x225.jpg\" alt=\"\" width=\"300\" height=\"225\" srcset=\"https:\/\/www.cineclubdubelvedere.fr\/wp-content\/uploads\/2017\/09\/calmos-3-300x225.jpg 300w, https:\/\/www.cineclubdubelvedere.fr\/wp-content\/uploads\/2017\/09\/calmos-3-768x576.jpg 768w, https:\/\/www.cineclubdubelvedere.fr\/wp-content\/uploads\/2017\/09\/calmos-3-1024x768.jpg 1024w, https:\/\/www.cineclubdubelvedere.fr\/wp-content\/uploads\/2017\/09\/calmos-3-624x468.jpg 624w, https:\/\/www.cineclubdubelvedere.fr\/wp-content\/uploads\/2017\/09\/calmos-3.jpg 1166w\" sizes=\"auto, (max-width: 300px) 100vw, 300px\" \/><\/a><\/p>\n<p>&nbsp;<\/p>\n<p><a href=\"http:\/\/www.telerama.fr\/cinema\/films\/calmos,40985.php\" target=\"_blank\" rel=\"noopener\">Article de T\u00e9l\u00e9rama<\/a><\/p>\n<\/div>\n<p><a href=\"https:\/\/www.senscritique.com\/film\/Calmos\/410302\" target=\"_blank\" rel=\"noopener\">sens critique<\/a><\/p>\n<p><a href=\"http:\/\/www.courte-focale.fr\/cinema\/critiques\/calmos\/\" target=\"_blank\" rel=\"noopener\">courte focale<\/a><\/p>\n","protected":false},"excerpt":{"rendered":"<p>Deux hommes, ext\u00e9nu\u00e9s par les femmes, abandonnent tout pour aller s&rsquo;installer dans un village perdu. Ils y rencontrent un cur\u00e9 truculent et soiffard qui les rappelle aux plaisirs simples de la vie. Bient\u00f4t, leur exemple inspire des milliers d&rsquo;hommes et des cohortes de m\u00e2les d\u00e9boussol\u00e9s quittent alors les villes, fuyant l&rsquo;hyst\u00e9rie f\u00e9ministe des ann\u00e9es 1970. <a class=\"more-link\" href=\"https:\/\/www.cineclubdubelvedere.fr\/?p=1383\">Lire plus &#8230;<\/a><\/p>\n","protected":false},"author":1,"featured_media":1542,"comment_status":"open","ping_status":"open","sticky":false,"template":"","format":"standard","meta":{"footnotes":""},"categories":[8],"tags":[],"class_list":["post-1383","post","type-post","status-publish","format-standard","has-post-thumbnail","hentry","category-archives"],"_links":{"self":[{"href":"https:\/\/www.cineclubdubelvedere.fr\/index.php?rest_route=\/wp\/v2\/posts\/1383","targetHints":{"allow":["GET"]}}],"collection":[{"href":"https:\/\/www.cineclubdubelvedere.fr\/index.php?rest_route=\/wp\/v2\/posts"}],"about":[{"href":"https:\/\/www.cineclubdubelvedere.fr\/index.php?rest_route=\/wp\/v2\/types\/post"}],"author":[{"embeddable":true,"href":"https:\/\/www.cineclubdubelvedere.fr\/index.php?rest_route=\/wp\/v2\/users\/1"}],"replies":[{"embeddable":true,"href":"https:\/\/www.cineclubdubelvedere.fr\/index.php?rest_route=%2Fwp%2Fv2%2Fcomments&post=1383"}],"version-history":[{"count":16,"href":"https:\/\/www.cineclubdubelvedere.fr\/index.php?rest_route=\/wp\/v2\/posts\/1383\/revisions"}],"predecessor-version":[{"id":1630,"href":"https:\/\/www.cineclubdubelvedere.fr\/index.php?rest_route=\/wp\/v2\/posts\/1383\/revisions\/1630"}],"wp:featuredmedia":[{"embeddable":true,"href":"https:\/\/www.cineclubdubelvedere.fr\/index.php?rest_route=\/wp\/v2\/media\/1542"}],"wp:attachment":[{"href":"https:\/\/www.cineclubdubelvedere.fr\/index.php?rest_route=%2Fwp%2Fv2%2Fmedia&parent=1383"}],"wp:term":[{"taxonomy":"category","embeddable":true,"href":"https:\/\/www.cineclubdubelvedere.fr\/index.php?rest_route=%2Fwp%2Fv2%2Fcategories&post=1383"},{"taxonomy":"post_tag","embeddable":true,"href":"https:\/\/www.cineclubdubelvedere.fr\/index.php?rest_route=%2Fwp%2Fv2%2Ftags&post=1383"}],"curies":[{"name":"wp","href":"https:\/\/api.w.org\/{rel}","templated":true}]}}