{"id":1385,"date":"2017-08-22T15:00:59","date_gmt":"2017-08-22T14:00:59","guid":{"rendered":"http:\/\/www.cineclubdubelvedere.fr\/?p=1385"},"modified":"2018-09-03T09:24:05","modified_gmt":"2018-09-03T08:24:05","slug":"la-ballade-de-narayama-mardi-10-avril-2018","status":"publish","type":"post","link":"https:\/\/www.cineclubdubelvedere.fr\/?p=1385","title":{"rendered":"La ballade de Narayama &#8212; Mardi 10 avril 2018"},"content":{"rendered":"<p>Le Japon du XIXe si\u00e8cle. Dans les hautes montagnes du Shinshu vit une famille fid\u00e8le aux traditions. Orin, la m\u00e8re, a soixante-neuf ans. Selon la coutume, elle doit, accompagn\u00e9e de son fils a\u00een\u00e9 Tatsuhei, faire un ultime p\u00e8lerinage \u00e0 la montagne de Narayama pour y mourir. Malgr\u00e9 les protestations de son fils Tatsuhei, qui aimerait garder sa m\u00e8re aupr\u00e8s de lui, Orin ne c\u00e8de pas. Pendant l&rsquo;ann\u00e9e qu&rsquo;il lui reste \u00e0 vivre, elle organise son d\u00e9part. (<a href=\"http:\/\/www.telerama.fr\/cinema\/films\/la-ballade-de-narayama,4560.php\" target=\"_blank\" rel=\"noopener\">T\u00e9l\u00e9rama<\/a>)<\/p>\n<div class=\"casting--header\">R\u00e9alisateur<\/div>\n<div>\n<table>\n<tbody>\n<tr>\n<td>Shohei Imamura<\/td>\n<td><span class=\"lightgrey\">R\u00e9alisateur\/Metteur en Sc\u00e8ne<\/span><\/td>\n<\/tr>\n<\/tbody>\n<\/table>\n<p><a href=\"http:\/\/www.cineclubdubelvedere.fr\/wp-content\/uploads\/2017\/09\/la-ballade-de-Narayama-Imamura.jpg\"><img loading=\"lazy\" decoding=\"async\" class=\"size-medium wp-image-1556 aligncenter\" src=\"http:\/\/www.cineclubdubelvedere.fr\/wp-content\/uploads\/2017\/09\/la-ballade-de-Narayama-Imamura-300x228.jpg\" alt=\"\" width=\"300\" height=\"228\" srcset=\"https:\/\/www.cineclubdubelvedere.fr\/wp-content\/uploads\/2017\/09\/la-ballade-de-Narayama-Imamura-300x228.jpg 300w, https:\/\/www.cineclubdubelvedere.fr\/wp-content\/uploads\/2017\/09\/la-ballade-de-Narayama-Imamura.jpg 516w\" sizes=\"auto, (max-width: 300px) 100vw, 300px\" \/><\/a><\/p>\n<\/div>\n<div class=\"casting--header\">Musique<\/div>\n<div>\n<table>\n<tbody>\n<tr>\n<td>Shinichir\u00f4 Ikebe<\/td>\n<td><span class=\"lightgrey\">Musique<\/span><\/td>\n<\/tr>\n<\/tbody>\n<\/table>\n<\/div>\n<div class=\"casting--header\">Acteurs<\/div>\n<div>\n<p>&nbsp;&nbsp;<\/p>\n<table class=\" aligncenter\" style=\"height: 295px;\" width=\"244\">\n<tbody>\n<tr>\n<td>Ken Ogata<\/td>\n<td><span class=\"lightgrey\">Tatsuhei<\/span><\/td>\n<\/tr>\n<tr>\n<td>Sumiko Sakamoto<\/td>\n<td><span class=\"lightgrey\">Orin<\/span><\/td>\n<\/tr>\n<tr>\n<td>Aki Takejo<\/td>\n<td><span class=\"lightgrey\">Tamayan<\/span><\/td>\n<\/tr>\n<tr>\n<td>Tonpei Hidari<\/td>\n<td>Risuke<\/td>\n<\/tr>\n<tr>\n<td>Siiji Kurasaki<\/td>\n<td>Kesakichi<\/td>\n<\/tr>\n<tr>\n<td>Kaoru Shimamori<\/td>\n<td>Tomekichi<\/td>\n<\/tr>\n<tr>\n<td>Ryutaro Tatsumi<\/td>\n<td>Matayan<\/td>\n<\/tr>\n<tr>\n<td>Junko Takada<\/td>\n<td>Matsu<\/td>\n<\/tr>\n<\/tbody>\n<\/table>\n<p><a href=\"http:\/\/www.cineclubdubelvedere.fr\/wp-content\/uploads\/2017\/09\/la-ballade-de-Narayama-2.jpg\"><img loading=\"lazy\" decoding=\"async\" class=\"aligncenter wp-image-1555 size-medium\" src=\"http:\/\/www.cineclubdubelvedere.fr\/wp-content\/uploads\/2017\/09\/la-ballade-de-Narayama-2-300x187.jpg\" alt=\"\" width=\"300\" height=\"187\" srcset=\"https:\/\/www.cineclubdubelvedere.fr\/wp-content\/uploads\/2017\/09\/la-ballade-de-Narayama-2-300x187.jpg 300w, https:\/\/www.cineclubdubelvedere.fr\/wp-content\/uploads\/2017\/09\/la-ballade-de-Narayama-2-768x479.jpg 768w, https:\/\/www.cineclubdubelvedere.fr\/wp-content\/uploads\/2017\/09\/la-ballade-de-Narayama-2-1024x639.jpg 1024w, https:\/\/www.cineclubdubelvedere.fr\/wp-content\/uploads\/2017\/09\/la-ballade-de-Narayama-2-624x389.jpg 624w, https:\/\/www.cineclubdubelvedere.fr\/wp-content\/uploads\/2017\/09\/la-ballade-de-Narayama-2.jpg 1200w\" sizes=\"auto, (max-width: 300px) 100vw, 300px\" \/><\/a><a href=\"http:\/\/www.cineclubdubelvedere.fr\/wp-content\/uploads\/2017\/09\/la-ballade-de-Narayama-1.jpg\"><img loading=\"lazy\" decoding=\"async\" class=\"aligncenter wp-image-1554 size-medium\" src=\"http:\/\/www.cineclubdubelvedere.fr\/wp-content\/uploads\/2017\/09\/la-ballade-de-Narayama-1-158x300.jpg\" alt=\"\" width=\"158\" height=\"300\" srcset=\"https:\/\/www.cineclubdubelvedere.fr\/wp-content\/uploads\/2017\/09\/la-ballade-de-Narayama-1-158x300.jpg 158w, https:\/\/www.cineclubdubelvedere.fr\/wp-content\/uploads\/2017\/09\/la-ballade-de-Narayama-1-538x1024.jpg 538w, https:\/\/www.cineclubdubelvedere.fr\/wp-content\/uploads\/2017\/09\/la-ballade-de-Narayama-1-624x1189.jpg 624w, https:\/\/www.cineclubdubelvedere.fr\/wp-content\/uploads\/2017\/09\/la-ballade-de-Narayama-1.jpg 630w\" sizes=\"auto, (max-width: 158px) 100vw, 158px\" \/><\/a><\/p>\n<\/div>\n","protected":false},"excerpt":{"rendered":"<p>Le Japon du XIXe si\u00e8cle. Dans les hautes montagnes du Shinshu vit une famille fid\u00e8le aux traditions. Orin, la m\u00e8re, a soixante-neuf ans. Selon la coutume, elle doit, accompagn\u00e9e de son fils a\u00een\u00e9 Tatsuhei, faire un ultime p\u00e8lerinage \u00e0 la montagne de Narayama pour y mourir. Malgr\u00e9 les protestations de son fils Tatsuhei, qui aimerait <a class=\"more-link\" href=\"https:\/\/www.cineclubdubelvedere.fr\/?p=1385\">Lire plus &#8230;<\/a><\/p>\n","protected":false},"author":1,"featured_media":1553,"comment_status":"open","ping_status":"open","sticky":false,"template":"","format":"standard","meta":{"footnotes":""},"categories":[8],"tags":[],"class_list":["post-1385","post","type-post","status-publish","format-standard","has-post-thumbnail","hentry","category-archives"],"_links":{"self":[{"href":"https:\/\/www.cineclubdubelvedere.fr\/index.php?rest_route=\/wp\/v2\/posts\/1385","targetHints":{"allow":["GET"]}}],"collection":[{"href":"https:\/\/www.cineclubdubelvedere.fr\/index.php?rest_route=\/wp\/v2\/posts"}],"about":[{"href":"https:\/\/www.cineclubdubelvedere.fr\/index.php?rest_route=\/wp\/v2\/types\/post"}],"author":[{"embeddable":true,"href":"https:\/\/www.cineclubdubelvedere.fr\/index.php?rest_route=\/wp\/v2\/users\/1"}],"replies":[{"embeddable":true,"href":"https:\/\/www.cineclubdubelvedere.fr\/index.php?rest_route=%2Fwp%2Fv2%2Fcomments&post=1385"}],"version-history":[{"count":5,"href":"https:\/\/www.cineclubdubelvedere.fr\/index.php?rest_route=\/wp\/v2\/posts\/1385\/revisions"}],"predecessor-version":[{"id":1559,"href":"https:\/\/www.cineclubdubelvedere.fr\/index.php?rest_route=\/wp\/v2\/posts\/1385\/revisions\/1559"}],"wp:featuredmedia":[{"embeddable":true,"href":"https:\/\/www.cineclubdubelvedere.fr\/index.php?rest_route=\/wp\/v2\/media\/1553"}],"wp:attachment":[{"href":"https:\/\/www.cineclubdubelvedere.fr\/index.php?rest_route=%2Fwp%2Fv2%2Fmedia&parent=1385"}],"wp:term":[{"taxonomy":"category","embeddable":true,"href":"https:\/\/www.cineclubdubelvedere.fr\/index.php?rest_route=%2Fwp%2Fv2%2Fcategories&post=1385"},{"taxonomy":"post_tag","embeddable":true,"href":"https:\/\/www.cineclubdubelvedere.fr\/index.php?rest_route=%2Fwp%2Fv2%2Ftags&post=1385"}],"curies":[{"name":"wp","href":"https:\/\/api.w.org\/{rel}","templated":true}]}}