{"id":1387,"date":"2017-08-21T14:50:26","date_gmt":"2017-08-21T13:50:26","guid":{"rendered":"http:\/\/www.cineclubdubelvedere.fr\/?p=1387"},"modified":"2018-09-03T09:09:41","modified_gmt":"2018-09-03T08:09:41","slug":"cul-de-sac-mardi-15-mai-2018","status":"publish","type":"post","link":"https:\/\/www.cineclubdubelvedere.fr\/?p=1387","title":{"rendered":"Cul de sac &#8212; Mardi 15 mai 2018"},"content":{"rendered":"<p>George, un quinquag\u00e9naire fort laid et sa jeune et ravissante \u00e9pouse, Teresa, s&rsquo;ennuient dans leur ch\u00e2teau, sur une presqu&rsquo;\u00eele isol\u00e9e du littoral irlandais. Ils vivent de leur \u00e9levage de poulets et, \u00e0 l&rsquo;occasion, pratiquent des rituels insolites. Arrivent deux gangsters fuyant la police. Albie est s\u00e9rieusement bless\u00e9 et Richard, parti chercher du secours, frappe \u00e0 la porte du ch\u00e2teau. Pourtant accueilli avec m\u00e9fiance, Richard se rend rapidement ma\u00eetre des lieux. A son habitude, Teresa tente de le s\u00e9duire, mais le truand reste de marbre. (<a href=\"http:\/\/www.telerama.fr\/cinema\/films\/cul-de-sac,4699.php\" target=\"_blank\" rel=\"noopener\">T\u00e9l\u00e9rama<\/a>)<\/p>\n<p><strong>Titre&nbsp;: <i>Cul-de-sac<\/i><\/strong><\/p>\n<ul>\n<li>R\u00e9alisation&nbsp;: Roman Polanski<\/li>\n<li>Sc\u00e9nario&nbsp;: G\u00e9rard Brach et Roman Polanski<\/li>\n<li>Direction artistique&nbsp;: George Lack<\/li>\n<li>D\u00e9cors&nbsp;: Voytek<\/li>\n<li>Musique&nbsp;: Krzysztof Komeda<\/li>\n<li>Photographie&nbsp;: Gilbert Taylor<\/li>\n<li>Montage&nbsp;: Alastair McIntyre<\/li>\n<li>Production&nbsp;: Gene Gutowski, Michael Klinger&nbsp;<span class=\"indicateur-langue\" title=\"\u00c9quivalent de l\u2019article \u00ab Michael Klinger (producteur) \u00bb dans une autre langue\">(en)<\/span>, Tony Tenser&nbsp;<span class=\"indicateur-langue\" title=\"\u00c9quivalent de l\u2019article \u00ab Tony Tenser \u00bb dans une autre langue\">(en)<\/span> et Sam Waynberg<\/li>\n<li>Soci\u00e9t\u00e9s de production&nbsp;: Compton Films, Tekli British Productions<\/li>\n<li>Soci\u00e9t\u00e9 de distribution&nbsp;: Sigma III Corp.<\/li>\n<li>Pays&nbsp;: <span class=\"nowrap\"><span class=\"flagicon\"><img loading=\"lazy\" decoding=\"async\" class=\"noviewer thumbborder\" src=\"https:\/\/upload.wikimedia.org\/wikipedia\/commons\/thumb\/a\/ae\/Flag_of_the_United_Kingdom.svg\/20px-Flag_of_the_United_Kingdom.svg.png\" srcset=\"\/\/upload.wikimedia.org\/wikipedia\/commons\/thumb\/a\/ae\/Flag_of_the_United_Kingdom.svg\/30px-Flag_of_the_United_Kingdom.svg.png 1.5x, \/\/upload.wikimedia.org\/wikipedia\/commons\/thumb\/a\/ae\/Flag_of_the_United_Kingdom.svg\/40px-Flag_of_the_United_Kingdom.svg.png 2x\" alt=\"Drapeau&nbsp;: Royaume-Uni\" width=\"20\" height=\"10\" data-file-width=\"1200\" data-file-height=\"600\"><\/span>&nbsp;Royaume-Uni<\/span><\/li>\n<li>Langue&nbsp;: anglais<\/li>\n<li>Genres&nbsp;: com\u00e9die dramatique, thriller<\/li>\n<li>Dur\u00e9e&nbsp;: 113 minutes<\/li>\n<li>Format&nbsp;: noir et blanc &#8211; 35mm &#8211; 1,85:1 &#8211; son mono<\/li>\n<li>Dates de sortie&nbsp;: <span class=\"nowrap\"><span class=\"flagicon\"><img loading=\"lazy\" decoding=\"async\" class=\"noviewer thumbborder\" src=\"https:\/\/upload.wikimedia.org\/wikipedia\/commons\/thumb\/a\/ae\/Flag_of_the_United_Kingdom.svg\/20px-Flag_of_the_United_Kingdom.svg.png\" srcset=\"\/\/upload.wikimedia.org\/wikipedia\/commons\/thumb\/a\/ae\/Flag_of_the_United_Kingdom.svg\/30px-Flag_of_the_United_Kingdom.svg.png 1.5x, \/\/upload.wikimedia.org\/wikipedia\/commons\/thumb\/a\/ae\/Flag_of_the_United_Kingdom.svg\/40px-Flag_of_the_United_Kingdom.svg.png 2x\" alt=\"Drapeau&nbsp;: Royaume-Uni\" width=\"20\" height=\"10\" data-file-width=\"1200\" data-file-height=\"600\"><\/span>&nbsp;Royaume-Uni<\/span>&nbsp;: <time class=\"nowrap date-lien\" datetime=\"1966-06\">juin 1966<\/time>&nbsp;; <span class=\"datasortkey\" data-sort-value=\"France\"><span class=\"flagicon\"><img loading=\"lazy\" decoding=\"async\" class=\"noviewer thumbborder\" src=\"https:\/\/upload.wikimedia.org\/wikipedia\/commons\/thumb\/c\/c3\/Flag_of_France.svg\/20px-Flag_of_France.svg.png\" srcset=\"\/\/upload.wikimedia.org\/wikipedia\/commons\/thumb\/c\/c3\/Flag_of_France.svg\/30px-Flag_of_France.svg.png 1.5x, \/\/upload.wikimedia.org\/wikipedia\/commons\/thumb\/c\/c3\/Flag_of_France.svg\/40px-Flag_of_France.svg.png 2x\" alt=\"Drapeau de la France\" width=\"20\" height=\"13\" data-file-width=\"900\" data-file-height=\"600\">&nbsp;<\/span>France<\/span>&nbsp;: <time class=\"nowrap date-lien\" datetime=\"1966-12-02\">2 d\u00e9cembre 1966<\/time><\/li>\n<\/ul>\n<p><strong>Acteurs<\/strong>:<\/p>\n<ul>\n<li>Fran\u00e7oise Dorl\u00e9ac&nbsp;: Teresa<\/li>\n<li>Donald Pleasence&nbsp;: George<\/li>\n<li>Lionel Stander&nbsp;: Riri<\/li>\n<li>Jack McGowran&nbsp;: Albie<\/li>\n<li>Iain Quarrier&nbsp;: Christopher<\/li>\n<li>Jacqueline Bisset&nbsp;: Jacqueline<\/li>\n<li>Marie Kean&nbsp;: Marion Fairweather<\/li>\n<\/ul>\n<p><a href=\"http:\/\/www.cineclubdubelvedere.fr\/wp-content\/uploads\/2017\/09\/cul-de-sac-1.jpg\"><img loading=\"lazy\" decoding=\"async\" class=\"size-medium wp-image-1563 aligncenter\" src=\"http:\/\/www.cineclubdubelvedere.fr\/wp-content\/uploads\/2017\/09\/cul-de-sac-1-218x300.jpg\" alt=\"\" width=\"218\" height=\"300\" srcset=\"https:\/\/www.cineclubdubelvedere.fr\/wp-content\/uploads\/2017\/09\/cul-de-sac-1-218x300.jpg 218w, https:\/\/www.cineclubdubelvedere.fr\/wp-content\/uploads\/2017\/09\/cul-de-sac-1.jpg 580w\" sizes=\"auto, (max-width: 218px) 100vw, 218px\" \/><\/a> <a href=\"http:\/\/www.cineclubdubelvedere.fr\/wp-content\/uploads\/2017\/09\/cul-de-sac-2.jpg\"><img loading=\"lazy\" decoding=\"async\" class=\"size-medium wp-image-1564 aligncenter\" src=\"http:\/\/www.cineclubdubelvedere.fr\/wp-content\/uploads\/2017\/09\/cul-de-sac-2-300x225.jpg\" alt=\"\" width=\"300\" height=\"225\" srcset=\"https:\/\/www.cineclubdubelvedere.fr\/wp-content\/uploads\/2017\/09\/cul-de-sac-2-300x225.jpg 300w, https:\/\/www.cineclubdubelvedere.fr\/wp-content\/uploads\/2017\/09\/cul-de-sac-2-768x575.jpg 768w, https:\/\/www.cineclubdubelvedere.fr\/wp-content\/uploads\/2017\/09\/cul-de-sac-2-624x467.jpg 624w, https:\/\/www.cineclubdubelvedere.fr\/wp-content\/uploads\/2017\/09\/cul-de-sac-2.jpg 1000w\" sizes=\"auto, (max-width: 300px) 100vw, 300px\" \/><\/a> <a href=\"http:\/\/www.cineclubdubelvedere.fr\/wp-content\/uploads\/2017\/09\/cul-de-sac-3.jpg\"><img loading=\"lazy\" decoding=\"async\" class=\"size-medium wp-image-1565 aligncenter\" src=\"http:\/\/www.cineclubdubelvedere.fr\/wp-content\/uploads\/2017\/09\/cul-de-sac-3-300x229.jpg\" alt=\"\" width=\"300\" height=\"229\" srcset=\"https:\/\/www.cineclubdubelvedere.fr\/wp-content\/uploads\/2017\/09\/cul-de-sac-3-300x229.jpg 300w, https:\/\/www.cineclubdubelvedere.fr\/wp-content\/uploads\/2017\/09\/cul-de-sac-3-768x585.jpg 768w, https:\/\/www.cineclubdubelvedere.fr\/wp-content\/uploads\/2017\/09\/cul-de-sac-3-1024x780.jpg 1024w, https:\/\/www.cineclubdubelvedere.fr\/wp-content\/uploads\/2017\/09\/cul-de-sac-3-624x476.jpg 624w\" sizes=\"auto, (max-width: 300px) 100vw, 300px\" \/><\/a> <a href=\"http:\/\/www.cineclubdubelvedere.fr\/wp-content\/uploads\/2017\/09\/cul-de-sac-4.jpg\"><img loading=\"lazy\" decoding=\"async\" class=\"size-medium wp-image-1566 aligncenter\" src=\"http:\/\/www.cineclubdubelvedere.fr\/wp-content\/uploads\/2017\/09\/cul-de-sac-4-300x169.jpg\" alt=\"\" width=\"300\" height=\"169\" srcset=\"https:\/\/www.cineclubdubelvedere.fr\/wp-content\/uploads\/2017\/09\/cul-de-sac-4-300x169.jpg 300w, https:\/\/www.cineclubdubelvedere.fr\/wp-content\/uploads\/2017\/09\/cul-de-sac-4-768x432.jpg 768w, https:\/\/www.cineclubdubelvedere.fr\/wp-content\/uploads\/2017\/09\/cul-de-sac-4-624x351.jpg 624w, https:\/\/www.cineclubdubelvedere.fr\/wp-content\/uploads\/2017\/09\/cul-de-sac-4.jpg 889w\" sizes=\"auto, (max-width: 300px) 100vw, 300px\" \/><\/a><\/p>\n<p><a href=\"http:\/\/films.blog.lemonde.fr\/2013\/07\/18\/polanski-cul-de-sac\/\" target=\"_blank\" rel=\"noopener\">Article sur l&rsquo;\u0153il sur l&rsquo;\u00e9cran<\/a><\/p>\n<p><a href=\"http:\/\/polanskiroman.blogspot.fr\/2010\/04\/cul-de-sac-1966.html\" target=\"_blank\" rel=\"noopener\">Article sur un blog consacr\u00e9 \u00e0 Roman Polanski<\/a><\/p>\n<p><a href=\"http:\/\/www.critikat.com\/actualite-cine\/critique\/le-couteau-dans-l-eau-cul-de-sac\/\" target=\"_blank\" rel=\"noopener\">Article sur critikat<\/a><\/p>\n<p><a href=\"http:\/\/www.cineclubdubelvedere.fr\/wp-content\/uploads\/2017\/09\/Pr\u00e9sentation-Cul-de-sac-2.pdf\">Pr\u00e9sentation Cul de sac<\/a>&nbsp;de Claude Franza (document \u00e0 t\u00e9l\u00e9charger)<a href=\"http:\/\/www.cineclubdubelvedere.fr\/wp-content\/uploads\/2017\/09\/Pr\u00e9sentation-Cul-de-sac-2.pdf\"><img loading=\"lazy\" decoding=\"async\" class=\"alignleft wp-image-1599\" src=\"http:\/\/www.cineclubdubelvedere.fr\/wp-content\/uploads\/2017\/09\/pdf-297x300.png\" alt=\"\" width=\"58\" height=\"59\" srcset=\"https:\/\/www.cineclubdubelvedere.fr\/wp-content\/uploads\/2017\/09\/pdf-297x300.png 297w, https:\/\/www.cineclubdubelvedere.fr\/wp-content\/uploads\/2017\/09\/pdf-150x150.png 150w, https:\/\/www.cineclubdubelvedere.fr\/wp-content\/uploads\/2017\/09\/pdf.png 507w\" sizes=\"auto, (max-width: 58px) 100vw, 58px\" \/><\/a><\/p>\n","protected":false},"excerpt":{"rendered":"<p>George, un quinquag\u00e9naire fort laid et sa jeune et ravissante \u00e9pouse, Teresa, s&rsquo;ennuient dans leur ch\u00e2teau, sur une presqu&rsquo;\u00eele isol\u00e9e du littoral irlandais. Ils vivent de leur \u00e9levage de poulets et, \u00e0 l&rsquo;occasion, pratiquent des rituels insolites. Arrivent deux gangsters fuyant la police. Albie est s\u00e9rieusement bless\u00e9 et Richard, parti chercher du secours, frappe \u00e0 <a class=\"more-link\" href=\"https:\/\/www.cineclubdubelvedere.fr\/?p=1387\">Lire plus &#8230;<\/a><\/p>\n","protected":false},"author":1,"featured_media":1567,"comment_status":"open","ping_status":"open","sticky":false,"template":"","format":"standard","meta":{"footnotes":""},"categories":[8],"tags":[],"class_list":["post-1387","post","type-post","status-publish","format-standard","has-post-thumbnail","hentry","category-archives"],"_links":{"self":[{"href":"https:\/\/www.cineclubdubelvedere.fr\/index.php?rest_route=\/wp\/v2\/posts\/1387","targetHints":{"allow":["GET"]}}],"collection":[{"href":"https:\/\/www.cineclubdubelvedere.fr\/index.php?rest_route=\/wp\/v2\/posts"}],"about":[{"href":"https:\/\/www.cineclubdubelvedere.fr\/index.php?rest_route=\/wp\/v2\/types\/post"}],"author":[{"embeddable":true,"href":"https:\/\/www.cineclubdubelvedere.fr\/index.php?rest_route=\/wp\/v2\/users\/1"}],"replies":[{"embeddable":true,"href":"https:\/\/www.cineclubdubelvedere.fr\/index.php?rest_route=%2Fwp%2Fv2%2Fcomments&post=1387"}],"version-history":[{"count":7,"href":"https:\/\/www.cineclubdubelvedere.fr\/index.php?rest_route=\/wp\/v2\/posts\/1387\/revisions"}],"predecessor-version":[{"id":1641,"href":"https:\/\/www.cineclubdubelvedere.fr\/index.php?rest_route=\/wp\/v2\/posts\/1387\/revisions\/1641"}],"wp:featuredmedia":[{"embeddable":true,"href":"https:\/\/www.cineclubdubelvedere.fr\/index.php?rest_route=\/wp\/v2\/media\/1567"}],"wp:attachment":[{"href":"https:\/\/www.cineclubdubelvedere.fr\/index.php?rest_route=%2Fwp%2Fv2%2Fmedia&parent=1387"}],"wp:term":[{"taxonomy":"category","embeddable":true,"href":"https:\/\/www.cineclubdubelvedere.fr\/index.php?rest_route=%2Fwp%2Fv2%2Fcategories&post=1387"},{"taxonomy":"post_tag","embeddable":true,"href":"https:\/\/www.cineclubdubelvedere.fr\/index.php?rest_route=%2Fwp%2Fv2%2Ftags&post=1387"}],"curies":[{"name":"wp","href":"https:\/\/api.w.org\/{rel}","templated":true}]}}