{"id":1389,"date":"2017-09-01T14:42:03","date_gmt":"2017-09-01T13:42:03","guid":{"rendered":"http:\/\/www.cineclubdubelvedere.fr\/?p=1389"},"modified":"2018-09-03T09:10:20","modified_gmt":"2018-09-03T08:10:20","slug":"fete-du-cineclub-vendredi-25-mai-2018","status":"publish","type":"post","link":"https:\/\/www.cineclubdubelvedere.fr\/?p=1389","title":{"rendered":"F\u00eate du cin\u00e9club &#8212; Vendredi 25 mai 2018"},"content":{"rendered":"<p>Cette ann\u00e9e, la f\u00eate du cin\u00e9club sera jumel\u00e9e avec <a href=\"http:\/\/www.saint-martin-uriage.com\/Documents\/OTTU-F\u00eate%20du%20cin\u00e9ma%20Cl\u00f4ture%20saison%20Belv\u00e9d\u00e8re_05-2018.pdf\" target=\"_blank\" rel=\"noopener\">la cl\u00f4ture de la saison du Belv\u00e9d\u00e8re<\/a>.<\/p>\n<p>A cette occasion sera projet\u00e9 le film \u00ab\u00a013 jours en France\u00a0\u00bb r\u00e9alis\u00e9 par Claude Lelouch lors des Jeux Olympiques d&rsquo;hiver de 1968 \u00e0 Grenoble.<\/p>\n<hr>\n<p>Documentaire sur les Jeux Olympiques de Grenoble de 1968 command\u00e9 par le G\u00e9n\u00e9ral de Gaulle et r\u00e9alis\u00e9 par Claude Lelouch. Plus qu&rsquo;aux comp\u00e9titions sportives (ski, bobsleigh, hockey), le film s&rsquo;int\u00e9resse aux \u00e0-c\u00f4t\u00e9s qui entourent toute manifestation.<\/p>\n<p><iframe loading=\"lazy\" src=\"https:\/\/www.youtube.com\/embed\/YrlYafRh4H8?rel=0\" width=\"560\" height=\"315\" frameborder=\"0\" allowfullscreen=\"allowfullscreen\"><\/iframe>&nbsp;<\/p>\n<hr>\n<p>Le film officiel de Jean Ertaud<\/p>\n<p><iframe loading=\"lazy\" src=\"https:\/\/www.youtube.com\/embed\/ukNEd8mDDDE?rel=0\" width=\"560\" height=\"315\" frameborder=\"0\" allowfullscreen=\"allowfullscreen\"><\/iframe><\/p>\n","protected":false},"excerpt":{"rendered":"<p>Cette ann\u00e9e, la f\u00eate du cin\u00e9club sera jumel\u00e9e avec la cl\u00f4ture de la saison du Belv\u00e9d\u00e8re. A cette occasion sera projet\u00e9 le film \u00ab\u00a013 jours en France\u00a0\u00bb r\u00e9alis\u00e9 par Claude Lelouch lors des Jeux Olympiques d&rsquo;hiver de 1968 \u00e0 Grenoble. Documentaire sur les Jeux Olympiques de Grenoble de 1968 command\u00e9 par le G\u00e9n\u00e9ral de Gaulle <a class=\"more-link\" href=\"https:\/\/www.cineclubdubelvedere.fr\/?p=1389\">Lire plus &#8230;<\/a><\/p>\n","protected":false},"author":1,"featured_media":0,"comment_status":"open","ping_status":"open","sticky":false,"template":"","format":"standard","meta":{"footnotes":""},"categories":[8],"tags":[],"class_list":["post-1389","post","type-post","status-publish","format-standard","hentry","category-archives"],"_links":{"self":[{"href":"https:\/\/www.cineclubdubelvedere.fr\/index.php?rest_route=\/wp\/v2\/posts\/1389","targetHints":{"allow":["GET"]}}],"collection":[{"href":"https:\/\/www.cineclubdubelvedere.fr\/index.php?rest_route=\/wp\/v2\/posts"}],"about":[{"href":"https:\/\/www.cineclubdubelvedere.fr\/index.php?rest_route=\/wp\/v2\/types\/post"}],"author":[{"embeddable":true,"href":"https:\/\/www.cineclubdubelvedere.fr\/index.php?rest_route=\/wp\/v2\/users\/1"}],"replies":[{"embeddable":true,"href":"https:\/\/www.cineclubdubelvedere.fr\/index.php?rest_route=%2Fwp%2Fv2%2Fcomments&post=1389"}],"version-history":[{"count":6,"href":"https:\/\/www.cineclubdubelvedere.fr\/index.php?rest_route=\/wp\/v2\/posts\/1389\/revisions"}],"predecessor-version":[{"id":1647,"href":"https:\/\/www.cineclubdubelvedere.fr\/index.php?rest_route=\/wp\/v2\/posts\/1389\/revisions\/1647"}],"wp:attachment":[{"href":"https:\/\/www.cineclubdubelvedere.fr\/index.php?rest_route=%2Fwp%2Fv2%2Fmedia&parent=1389"}],"wp:term":[{"taxonomy":"category","embeddable":true,"href":"https:\/\/www.cineclubdubelvedere.fr\/index.php?rest_route=%2Fwp%2Fv2%2Fcategories&post=1389"},{"taxonomy":"post_tag","embeddable":true,"href":"https:\/\/www.cineclubdubelvedere.fr\/index.php?rest_route=%2Fwp%2Fv2%2Ftags&post=1389"}],"curies":[{"name":"wp","href":"https:\/\/api.w.org\/{rel}","templated":true}]}}