{"id":1669,"date":"2018-08-14T09:36:37","date_gmt":"2018-08-14T08:36:37","guid":{"rendered":"http:\/\/www.cineclubdubelvedere.fr\/?p=1669"},"modified":"2019-09-08T19:11:36","modified_gmt":"2019-09-08T18:11:36","slug":"la-belle-equipe-mardi-12-fevrier","status":"publish","type":"post","link":"https:\/\/www.cineclubdubelvedere.fr\/?p=1669","title":{"rendered":"La belle \u00e9quipe &#8212; Mardi 12 f\u00e9vrier"},"content":{"rendered":"\n<p>Un grand film paradoxal .Une bande de camarades ( on ne dit pas encore copains) ach\u00e8te , \u00e0 plusieurs (alors qu\u2019ils ont des aspirations individuelles) une guinguette au bord de la Marne.&nbsp;<br>L\u2019amiti\u00e9 se l\u00e9zarde ( et bien pire) avec l\u2019intervention d\u2019une garce&nbsp;&nbsp;et la fin est noire ( bien que les spectateurs aient exig\u00e9 , \u00e0 l\u2019\u00e9poque , une fin heureuse . ( Nous vous montrerons les deux !)&#8230;et comme le film sort en 1956 il sera consid\u00e9r\u00e9&nbsp; comme le symbole du Front Populaire , ce qui n\u2019\u00e9tait pas dans le projet de J.Duvivier .<br><\/p>\n\n\n\n<figure class=\"wp-block-embed-youtube wp-block-embed is-type-video is-provider-youtube wp-embed-aspect-16-9 wp-has-aspect-ratio\"><div class=\"wp-block-embed__wrapper\">\n<iframe loading=\"lazy\" title=\"La Belle Equipe (1936) - Version restaur\u00e9e - Bande-annonce\" width=\"780\" height=\"439\" src=\"https:\/\/www.youtube.com\/embed\/BPvLpJx7-CE?feature=oembed\" frameborder=\"0\" allow=\"accelerometer; autoplay; clipboard-write; encrypted-media; gyroscope; picture-in-picture\" allowfullscreen><\/iframe>\n<\/div><figcaption>bande annonce officielle<\/figcaption><\/figure>\n\n\n\n<p>R\u00e9alisateur<\/p>\n\n\n\n<table class=\"wp-block-table\"><tbody><tr><td><a href=\"https:\/\/www.telerama.fr\/personnalite\/julien-duvivier,7237.php\">Julien Duvivier<\/a><\/td><\/tr><\/tbody><\/table>\n\n\n\n<p>Musique<\/p>\n\n\n\n<table class=\"wp-block-table\"><tbody><tr><td><a href=\"https:\/\/www.telerama.fr\/personnalite\/maurice-yvain,4976.php\">Maurice Yvain<\/a><\/td><\/tr><\/tbody><\/table>\n\n\n\n<p>Acteurs<\/p>\n\n\n\n<table class=\"wp-block-table\"><tbody><tr><td><a href=\"https:\/\/www.telerama.fr\/personnalite\/jean-gabin,1739.php\">Jean Gabin<\/a><\/td><td>Jean<\/td><\/tr><tr><td><a href=\"https:\/\/www.telerama.fr\/personnalite\/raymond-aimos,336595.php\">Raymond Aimos<\/a><\/td><td>Raymond<\/td><\/tr><tr><td><a href=\"https:\/\/www.telerama.fr\/personnalite\/charles-vanel,1598.php\">Charles Vanel<\/a><\/td><td>Charles<\/td><\/tr><tr><td><a href=\"https:\/\/www.telerama.fr\/personnalite\/raphael-medina,94477.php\">Rapha\u00ebl M\u00e9dina<\/a><\/td><td>Mario<\/td><\/tr><tr><td><a href=\"https:\/\/www.telerama.fr\/personnalite\/charles-dorat,521735.php\">Charles Dorat<\/a><\/td><td>Jacques<\/td><\/tr><tr><td><a href=\"https:\/\/www.telerama.fr\/personnalite\/viviane-romance,12954.php\">Viviane Romance<\/a><\/td><td>Gina<\/td><\/tr><tr><td><a href=\"https:\/\/www.telerama.fr\/personnalite\/micheline-cheirel,17123.php\">Micheline Cheirel<\/a><\/td><td>Huguette<\/td><\/tr><tr><td><a href=\"https:\/\/www.telerama.fr\/personnalite\/jacques-baumer,1522.php\">Jacques Baumer<\/a><\/td><td>monsieur Jubette<\/td><\/tr><tr><td><a href=\"https:\/\/www.telerama.fr\/personnalite\/marcelle-geniat,20936.php\">Marcelle G\u00e9niat<\/a><\/td><td>la grand-m\u00e8re<\/td><\/tr><tr><td><a href=\"https:\/\/www.telerama.fr\/personnalite\/raymond-cordy,7271.php\">Raymond Cordy<\/a><\/td><td>l&rsquo;ivrogne<\/td><\/tr><tr><td><a href=\"https:\/\/www.telerama.fr\/personnalite\/charles-granval,16331.php\">Charles Granval<\/a><\/td><td>le propri\u00e9taire<\/td><\/tr><tr><td><a href=\"https:\/\/www.telerama.fr\/personnalite\/robert-lynen,41517.php\">Robert Lynen<\/a><\/td><td>Ren\u00e9<\/td><\/tr><\/tbody><\/table>\n\n\n\n<p><a rel=\"noreferrer noopener\" aria-label=\"T\u00e9l\u00e9rama (s\u2019ouvre dans un nouvel onglet)\" href=\"https:\/\/www.telerama.fr\/cinema\/films\/la-belle-equipe,12072.php?ccr=oui\" target=\"_blank\">T\u00e9l\u00e9rama<\/a><\/p>\n\n\n\n<p><a href=\"http:\/\/films.blog.lemonde.fr\/2017\/08\/07\/la-belle-equipe\/\" target=\"_blank\" rel=\"noreferrer noopener\" aria-label=\"L'\u0153il sur l'\u00e9cran (s\u2019ouvre dans un nouvel onglet)\">L&rsquo;\u0153il sur l&rsquo;\u00e9cran<\/a><\/p>\n\n\n\n<p><a href=\"https:\/\/www.leblogducinema.com\/critiques\/critiques-films\/critique-la-belle-equipe-74124\/\" target=\"_blank\" rel=\"noreferrer noopener\" aria-label=\"Le blog du cin\u00e9ma (s\u2019ouvre dans un nouvel onglet)\">Le blog du cin\u00e9ma<\/a><\/p>\n\n\n\n<h1 class=\"wp-block-heading\">LA BELLE \u00c9QUIPE&nbsp;<\/h1>\n\n\n\n<p>Julien DuvivierFrance \/ 1936 \/ 101 min&nbsp;<\/p>\n\n\n\n<p>Avec Jean Gabin, Charles Vanel, Raymond Aimos, Viviane Romance.<\/p>\n\n\n\n<p>Des amis, ouvriers au ch\u00f4mage, vivent dans un h\u00f4tel meubl\u00e9 parisien. Un billet de loterie achet\u00e9 conjointement leur fait gagner une somme consid\u00e9rable.<\/p>\n\n\n\n<hr class=\"wp-block-separator\"\/>\n\n\n\n<p>R\u00e9alis\u00e9 lors de l&rsquo;\u00e9t\u00e9 1936,<em>&nbsp;La Belle \u00c9quipe<\/em>&nbsp;co\u00efncide avec l&rsquo;av\u00e8nement du Front populaire, et en refl\u00e8te les enthousiasmes, les espoirs et les d\u00e9sillusions. Les lieux de tournage en ext\u00e9rieurs, \u00e0 Chennevi\u00e8res, \u00eele de la Marne, conf\u00e8rent au film l&rsquo;atmosph\u00e8re de ces endroits de r\u00e9jouissances populaires du moment, restitu\u00e9e lors d&rsquo;une s\u00e9quence chant\u00e9e par Jean Gabin&nbsp;:&nbsp;<em>Quand on s&rsquo;prom\u00e8ne au bord de l&rsquo;eau<\/em>&nbsp;sera un grand succ\u00e8s de l&rsquo;\u00e9poque. \u00c9crit par Julien Duvivier et Charles Spaak \u2212 le sc\u00e9nariste de Renoir, Marcel L&rsquo;Herbier, Jean Gr\u00e9millon&#8230; \u2212, le sc\u00e9nario exalte des valeurs d&rsquo;amiti\u00e9 virile et de solidarit\u00e9 ouvri\u00e8re incarn\u00e9es par Jean Gabin. L&rsquo;acteur, qui doit d\u00e9j\u00e0 \u00e0 Duvivier son r\u00f4le dans&nbsp;<em>La Bandera<\/em>, inaugure un nouveau type d&rsquo;acteur auquel le public peut s&rsquo;identifier. Fait rare dans l&rsquo;industrie du cin\u00e9ma fran\u00e7ais, la fin du film a fait l&rsquo;objet de deux versions, les producteurs ayant exig\u00e9 de Duvivier une fin plus \u00ab&nbsp;optimiste&nbsp;\u00bb que celle qu&rsquo;il avait voulue. Si cette fin est celle qui a \u00e9t\u00e9 exploit\u00e9e jusqu&rsquo;ici, la restauration du film pr\u00e9sente celle, plus sombre, souhait\u00e9e par Duvivier.<\/p>\n\n\n\n<p>\u00c9lise Girard (<a href=\"http:\/\/www.cinematheque.fr\/film\/48315.html\" target=\"_blank\" rel=\"noreferrer noopener\" aria-label=\"la cin\u00e9math\u00e8que (s\u2019ouvre dans un nouvel onglet)\">la cin\u00e9math\u00e8que<\/a>)<\/p>\n\n\n\n[ngg src=\u00a0\u00bbgalleries\u00a0\u00bb ids=\u00a0\u00bb2&Prime; display=\u00a0\u00bbbasic_thumbnail\u00a0\u00bb]\n","protected":false},"excerpt":{"rendered":"<p>Un grand film paradoxal .Une bande de camarades ( on ne dit pas encore copains) ach\u00e8te , \u00e0 plusieurs (alors qu\u2019ils ont des aspirations individuelles) une guinguette au bord de la Marne.&nbsp;L\u2019amiti\u00e9 se l\u00e9zarde ( et bien pire) avec l\u2019intervention d\u2019une garce&nbsp;&nbsp;et la fin est noire ( bien que les spectateurs aient exig\u00e9 , \u00e0 <a class=\"more-link\" href=\"https:\/\/www.cineclubdubelvedere.fr\/?p=1669\">Lire plus &#8230;<\/a><\/p>\n","protected":false},"author":1,"featured_media":1712,"comment_status":"open","ping_status":"open","sticky":false,"template":"","format":"standard","meta":{"footnotes":""},"categories":[8],"tags":[],"class_list":["post-1669","post","type-post","status-publish","format-standard","has-post-thumbnail","hentry","category-archives"],"_links":{"self":[{"href":"https:\/\/www.cineclubdubelvedere.fr\/index.php?rest_route=\/wp\/v2\/posts\/1669","targetHints":{"allow":["GET"]}}],"collection":[{"href":"https:\/\/www.cineclubdubelvedere.fr\/index.php?rest_route=\/wp\/v2\/posts"}],"about":[{"href":"https:\/\/www.cineclubdubelvedere.fr\/index.php?rest_route=\/wp\/v2\/types\/post"}],"author":[{"embeddable":true,"href":"https:\/\/www.cineclubdubelvedere.fr\/index.php?rest_route=\/wp\/v2\/users\/1"}],"replies":[{"embeddable":true,"href":"https:\/\/www.cineclubdubelvedere.fr\/index.php?rest_route=%2Fwp%2Fv2%2Fcomments&post=1669"}],"version-history":[{"count":6,"href":"https:\/\/www.cineclubdubelvedere.fr\/index.php?rest_route=\/wp\/v2\/posts\/1669\/revisions"}],"predecessor-version":[{"id":1844,"href":"https:\/\/www.cineclubdubelvedere.fr\/index.php?rest_route=\/wp\/v2\/posts\/1669\/revisions\/1844"}],"wp:featuredmedia":[{"embeddable":true,"href":"https:\/\/www.cineclubdubelvedere.fr\/index.php?rest_route=\/wp\/v2\/media\/1712"}],"wp:attachment":[{"href":"https:\/\/www.cineclubdubelvedere.fr\/index.php?rest_route=%2Fwp%2Fv2%2Fmedia&parent=1669"}],"wp:term":[{"taxonomy":"category","embeddable":true,"href":"https:\/\/www.cineclubdubelvedere.fr\/index.php?rest_route=%2Fwp%2Fv2%2Fcategories&post=1669"},{"taxonomy":"post_tag","embeddable":true,"href":"https:\/\/www.cineclubdubelvedere.fr\/index.php?rest_route=%2Fwp%2Fv2%2Ftags&post=1669"}],"curies":[{"name":"wp","href":"https:\/\/api.w.org\/{rel}","templated":true}]}}