{"id":1675,"date":"2018-08-11T09:38:49","date_gmt":"2018-08-11T08:38:49","guid":{"rendered":"http:\/\/www.cineclubdubelvedere.fr\/?p=1675"},"modified":"2019-09-08T19:11:18","modified_gmt":"2019-09-08T18:11:18","slug":"sept-ans-de-malheur-mardi-9-avril","status":"publish","type":"post","link":"https:\/\/www.cineclubdubelvedere.fr\/?p=1675","title":{"rendered":"Sept ans de malheur &#8212; Mardi 9 avril"},"content":{"rendered":"\n<p>Soir\u00e9e hommage \u00e0 MAX LINDER un des plus grands acteurs et metteurs en sc\u00e8ne du cin\u00e9ma burlesque,l&rsquo;\u00e9gal de Charlie Chaplin et de Buster Keaton,.<\/p>\n\n\n\n<p>Cin\u00e9aste sombr\u00e9 dans l&rsquo;oubli et sauv\u00e9 par les efforts acharn\u00e9s de sa fille Maud.<\/p>\n\n\n\n<p>A( re)d\u00e9couvrir de toute urgence!<\/p>\n\n\n\n<hr class=\"wp-block-separator\"\/>\n\n\n\n<figure class=\"wp-block-embed-youtube wp-block-embed is-type-video is-provider-youtube wp-embed-aspect-16-9 wp-has-aspect-ratio\"><div class=\"wp-block-embed__wrapper\">\n<iframe loading=\"lazy\" title=\"Cin\u00e9-concert &quot;7 ans de malheur&quot; (Max Linder)\" width=\"780\" height=\"439\" src=\"https:\/\/www.youtube.com\/embed\/rCKPYG1mEdQ?feature=oembed\" frameborder=\"0\" allow=\"accelerometer; autoplay; clipboard-write; encrypted-media; gyroscope; picture-in-picture\" allowfullscreen><\/iframe>\n<\/div><\/figure>\n\n\n\n<p>Alors qu&rsquo;il enterre sa vie de gar\u00e7on, Max brise un miroir. Il craint d\u00e8s lors d&rsquo;\u00eatre frapp\u00e9 par sept ans de malheur, et tente tout pour \u00e9viter les situations probl\u00e9matiques. H\u00e9las pour lui, tout \u00e9choue. Les ennuis commencent quand sa promise rompt leurs fian\u00e7ailles puis \u00e9pouse son meilleur ami&#8230; <a href=\"https:\/\/www.telerama.fr\/cinema\/films\/sept-ans-de-malheur,456999.php\" target=\"_blank\" rel=\"noreferrer noopener\" aria-label=\"T\u00e9l\u00e9rama (s\u2019ouvre dans un nouvel onglet)\">T\u00e9l\u00e9rama<\/a><\/p>\n\n\n\n<figure class=\"wp-block-image\"><img loading=\"lazy\" decoding=\"async\" width=\"768\" height=\"1024\" src=\"http:\/\/www.cineclubdubelvedere.fr\/wp-content\/uploads\/2018\/08\/affiche-7-ans-de-malheur-768x1024.jpg\" alt=\"\" class=\"wp-image-1846\" srcset=\"https:\/\/www.cineclubdubelvedere.fr\/wp-content\/uploads\/2018\/08\/affiche-7-ans-de-malheur-768x1024.jpg 768w, https:\/\/www.cineclubdubelvedere.fr\/wp-content\/uploads\/2018\/08\/affiche-7-ans-de-malheur-225x300.jpg 225w, https:\/\/www.cineclubdubelvedere.fr\/wp-content\/uploads\/2018\/08\/affiche-7-ans-de-malheur-624x832.jpg 624w, https:\/\/www.cineclubdubelvedere.fr\/wp-content\/uploads\/2018\/08\/affiche-7-ans-de-malheur.jpg 810w\" sizes=\"auto, (max-width: 768px) 100vw, 768px\" \/><\/figure>\n\n\n\n<figure class=\"wp-block-image\"><img loading=\"lazy\" decoding=\"async\" width=\"1024\" height=\"783\" src=\"http:\/\/www.cineclubdubelvedere.fr\/wp-content\/uploads\/2019\/04\/7-ans-de-malheur-2-1024x783.jpg\" alt=\"\" class=\"wp-image-1835\" srcset=\"https:\/\/www.cineclubdubelvedere.fr\/wp-content\/uploads\/2019\/04\/7-ans-de-malheur-2-1024x783.jpg 1024w, https:\/\/www.cineclubdubelvedere.fr\/wp-content\/uploads\/2019\/04\/7-ans-de-malheur-2-300x229.jpg 300w, https:\/\/www.cineclubdubelvedere.fr\/wp-content\/uploads\/2019\/04\/7-ans-de-malheur-2-768x587.jpg 768w, https:\/\/www.cineclubdubelvedere.fr\/wp-content\/uploads\/2019\/04\/7-ans-de-malheur-2-624x477.jpg 624w, https:\/\/www.cineclubdubelvedere.fr\/wp-content\/uploads\/2019\/04\/7-ans-de-malheur-2.jpg 1337w\" sizes=\"auto, (max-width: 1024px) 100vw, 1024px\" \/><figcaption>Max Linder, Alta Allen<\/figcaption><\/figure>\n\n\n\n<figure class=\"wp-block-image\"><img loading=\"lazy\" decoding=\"async\" width=\"1024\" height=\"762\" src=\"http:\/\/www.cineclubdubelvedere.fr\/wp-content\/uploads\/2019\/04\/7-ans-de-malheur-1-1024x762.jpg\" alt=\"\" class=\"wp-image-1836\" srcset=\"https:\/\/www.cineclubdubelvedere.fr\/wp-content\/uploads\/2019\/04\/7-ans-de-malheur-1-1024x762.jpg 1024w, https:\/\/www.cineclubdubelvedere.fr\/wp-content\/uploads\/2019\/04\/7-ans-de-malheur-1-300x223.jpg 300w, https:\/\/www.cineclubdubelvedere.fr\/wp-content\/uploads\/2019\/04\/7-ans-de-malheur-1-768x572.jpg 768w, https:\/\/www.cineclubdubelvedere.fr\/wp-content\/uploads\/2019\/04\/7-ans-de-malheur-1-624x464.jpg 624w, https:\/\/www.cineclubdubelvedere.fr\/wp-content\/uploads\/2019\/04\/7-ans-de-malheur-1.jpg 1200w\" sizes=\"auto, (max-width: 1024px) 100vw, 1024px\" \/><\/figure>\n\n\n\n<figure class=\"wp-block-image\"><img loading=\"lazy\" decoding=\"async\" width=\"462\" height=\"583\" src=\"http:\/\/www.cineclubdubelvedere.fr\/wp-content\/uploads\/2019\/04\/Max-Linder.jpg\" alt=\"\" class=\"wp-image-1837\" srcset=\"https:\/\/www.cineclubdubelvedere.fr\/wp-content\/uploads\/2019\/04\/Max-Linder.jpg 462w, https:\/\/www.cineclubdubelvedere.fr\/wp-content\/uploads\/2019\/04\/Max-Linder-238x300.jpg 238w\" sizes=\"auto, (max-width: 462px) 100vw, 462px\" \/><\/figure>\n\n\n\n<p><a href=\"http:\/\/www.dvdclassik.com\/critique\/sept-ans-de-malheur-linder\" target=\"_blank\" rel=\"noreferrer noopener\" aria-label=\"Analyse DVD Classik (s\u2019ouvre dans un nouvel onglet)\">Analyse DVD Classik<\/a><\/p>\n\n\n\n<p><a href=\"http:\/\/films.blog.lemonde.fr\/2010\/11\/06\/sept-ans-malheur\/\" target=\"_blank\" rel=\"noreferrer noopener\" aria-label=\"L'Oeil sur l'\u00e9cran (s\u2019ouvre dans un nouvel onglet)\">L&rsquo;Oeil sur l&rsquo;\u00e9cran<\/a><\/p>\n\n\n\n<p><a href=\"https:\/\/www.senscritique.com\/film\/Sept_ans_de_malheur\/critique\/7396004\" target=\"_blank\" rel=\"noreferrer noopener\" aria-label=\"Sens critique (s\u2019ouvre dans un nouvel onglet)\">Sens critique<\/a><\/p>\n\n\n<div id=\"blogvision\"><iframe style=\"width: 640px; height: 360px;\" src=\"http:\/\/player.allocine.fr\/19569253.html\">    <\/iframe> <br><a href=\"http:\/\/www.allocine.fr\/film\/fichefilm_gen_cfilm=175898.html\" target=\"_blank\" rel=\"noopener noreferrer\">Sept ans de malheur<\/a> <br><a href=\"http:\/\/www.allocine.fr\/video\/player_gen_cmedia=19569253&amp;cfilm=175898.html\">R\u00e9trospective Max Linder<\/a><\/div>\n\n\n<figure class=\"wp-block-embed-youtube wp-block-embed is-type-video is-provider-youtube wp-embed-aspect-16-9 wp-has-aspect-ratio\"><div class=\"wp-block-embed__wrapper\">\n<iframe loading=\"lazy\" title=\"Slapstick clips - Seven Years Bad Luck (1921)\" width=\"780\" height=\"439\" src=\"https:\/\/www.youtube.com\/embed\/_73nk6IYbB0?feature=oembed\" frameborder=\"0\" allow=\"accelerometer; autoplay; clipboard-write; encrypted-media; gyroscope; picture-in-picture\" allowfullscreen><\/iframe>\n<\/div><\/figure>\n","protected":false},"excerpt":{"rendered":"<p>Soir\u00e9e hommage \u00e0 MAX LINDER un des plus grands acteurs et metteurs en sc\u00e8ne du cin\u00e9ma burlesque,l&rsquo;\u00e9gal de Charlie Chaplin et de Buster Keaton,. Cin\u00e9aste sombr\u00e9 dans l&rsquo;oubli et sauv\u00e9 par les efforts acharn\u00e9s de sa fille Maud. A( re)d\u00e9couvrir de toute urgence! Alors qu&rsquo;il enterre sa vie de gar\u00e7on, Max brise un miroir. Il <a class=\"more-link\" href=\"https:\/\/www.cineclubdubelvedere.fr\/?p=1675\">Lire plus &#8230;<\/a><\/p>\n","protected":false},"author":1,"featured_media":1846,"comment_status":"open","ping_status":"open","sticky":false,"template":"","format":"standard","meta":{"footnotes":""},"categories":[8],"tags":[],"class_list":["post-1675","post","type-post","status-publish","format-standard","has-post-thumbnail","hentry","category-archives"],"_links":{"self":[{"href":"https:\/\/www.cineclubdubelvedere.fr\/index.php?rest_route=\/wp\/v2\/posts\/1675","targetHints":{"allow":["GET"]}}],"collection":[{"href":"https:\/\/www.cineclubdubelvedere.fr\/index.php?rest_route=\/wp\/v2\/posts"}],"about":[{"href":"https:\/\/www.cineclubdubelvedere.fr\/index.php?rest_route=\/wp\/v2\/types\/post"}],"author":[{"embeddable":true,"href":"https:\/\/www.cineclubdubelvedere.fr\/index.php?rest_route=\/wp\/v2\/users\/1"}],"replies":[{"embeddable":true,"href":"https:\/\/www.cineclubdubelvedere.fr\/index.php?rest_route=%2Fwp%2Fv2%2Fcomments&post=1675"}],"version-history":[{"count":9,"href":"https:\/\/www.cineclubdubelvedere.fr\/index.php?rest_route=\/wp\/v2\/posts\/1675\/revisions"}],"predecessor-version":[{"id":1847,"href":"https:\/\/www.cineclubdubelvedere.fr\/index.php?rest_route=\/wp\/v2\/posts\/1675\/revisions\/1847"}],"wp:featuredmedia":[{"embeddable":true,"href":"https:\/\/www.cineclubdubelvedere.fr\/index.php?rest_route=\/wp\/v2\/media\/1846"}],"wp:attachment":[{"href":"https:\/\/www.cineclubdubelvedere.fr\/index.php?rest_route=%2Fwp%2Fv2%2Fmedia&parent=1675"}],"wp:term":[{"taxonomy":"category","embeddable":true,"href":"https:\/\/www.cineclubdubelvedere.fr\/index.php?rest_route=%2Fwp%2Fv2%2Fcategories&post=1675"},{"taxonomy":"post_tag","embeddable":true,"href":"https:\/\/www.cineclubdubelvedere.fr\/index.php?rest_route=%2Fwp%2Fv2%2Ftags&post=1675"}],"curies":[{"name":"wp","href":"https:\/\/api.w.org\/{rel}","templated":true}]}}