{"id":1677,"date":"2018-08-23T09:39:28","date_gmt":"2018-08-23T08:39:28","guid":{"rendered":"http:\/\/www.cineclubdubelvedere.fr\/?p=1677"},"modified":"2019-09-08T19:10:06","modified_gmt":"2019-09-08T18:10:06","slug":"la-ballade-sauvage-mardi-14-mai","status":"publish","type":"post","link":"https:\/\/www.cineclubdubelvedere.fr\/?p=1677","title":{"rendered":"La balade sauvage &#8212; Mardi 14 mai"},"content":{"rendered":"<p>Quand Kit Carruthers, 25 ans, et Holly, 15 ans, se rencontrent, elle s\u2019exerce avec son b\u00e2ton de majorette et lui vient d\u2019envoyer balader son job d\u2019\u00e9boueur.<\/p>\n<p>Avant ce gar\u00e7on qui ressemble \u00e0 James Dean, la gamine, nouvelle venue dans ce bled endormi du Dakota du Sud, n\u2019avait jamais attir\u00e9 l\u2019attention de personne. Bient\u00f4t, les voil\u00e0 amoureux, \u00e0 la grande fureur du p\u00e8re de Holly, qui tue le chien de sa fille pour lui apprendre \u00e0 mieux choisir ses fr\u00e9quentations.<!--more--><\/p>\n<p>Comme il leur interdit de partir ensemble, Kit le tue \u00e0 son tour.<\/p>\n<p>Lors de leur folle cavale sur les routes, le jeune homme r\u00e9v\u00e8le bien vite un caract\u00e8re sociopathe en laissant de nombreux cadavres derri\u00e8re lui&#8230; jusqu&rsquo;aux Badlands (titre original du film) du Montana.<\/p>\n<p>Avec un d\u00e9calage irr\u00e9el, la voix r\u00eaveuse de Holly, celle d\u2019une petite fille qui aurait lu trop de romans \u00e0 l\u2019eau de rose, retrace en off cette histoire d\u2019amour et de mort&nbsp;: <span class=\"citation\">\u00ab&nbsp;Il voulait mourir avec moi et je r\u00eavais de me perdre pour toujours dans ses bras\u2026&nbsp;\u00bb <a href=\"https:\/\/fr.wikipedia.org\/wiki\/La_Balade_sauvage\" target=\"_blank\" rel=\"noopener noreferrer\"><em>Wikip\u00e9dia<\/em><\/a><\/span><\/p>\n<p><a href=\"http:\/\/www.cineclubdubelvedere.fr\/wp-content\/uploads\/2018\/08\/la-ballade-sxauvage.jpg\"><img loading=\"lazy\" decoding=\"async\" class=\"alignleft size-medium wp-image-1696\" src=\"http:\/\/www.cineclubdubelvedere.fr\/wp-content\/uploads\/2018\/08\/la-ballade-sxauvage-225x300.jpg\" alt=\"\" width=\"225\" height=\"300\" srcset=\"https:\/\/www.cineclubdubelvedere.fr\/wp-content\/uploads\/2018\/08\/la-ballade-sxauvage-225x300.jpg 225w, https:\/\/www.cineclubdubelvedere.fr\/wp-content\/uploads\/2018\/08\/la-ballade-sxauvage.jpg 600w\" sizes=\"auto, (max-width: 225px) 100vw, 225px\" \/><\/a><\/p>\n\n\n<table class=\"wp-block-table\"><tbody><tr><th>Titre original<\/th><td>Badlands<\/td><\/tr><tr><th>R\u00e9alisation<\/th><td><a href=\"https:\/\/fr.wikipedia.org\/wiki\/Terrence_Malick\">Terrence Malick<\/a><\/td><\/tr><tr><th>Acteurs principaux<\/th><td><a href=\"https:\/\/fr.wikipedia.org\/wiki\/Martin_Sheen\">Martin Sheen<\/a><br><a href=\"https:\/\/fr.wikipedia.org\/wiki\/Sissy_Spacek\">Sissy Spacek<\/a><\/td><\/tr><tr><th>Pays d\u2019origine<\/th><td><a href=\"https:\/\/commons.wikimedia.org\/wiki\/File:Flag_of_the_United_States.svg?uselang=fr\"><\/a>&nbsp;\u00c9tats-Unis<\/td><\/tr><tr><th>Genre<\/th><td>Drame, Thriller<\/td><\/tr><tr><th>Dur\u00e9e<\/th><td>94 min<\/td><\/tr><tr><th>Sortie<\/th><td>1973<\/td><\/tr><\/tbody><\/table>\n\n\n\n<figure class=\"wp-block-embed-youtube wp-block-embed is-type-video is-provider-youtube wp-embed-aspect-16-9 wp-has-aspect-ratio\"><div class=\"wp-block-embed__wrapper\">\n<iframe loading=\"lazy\" width=\"780\" height=\"439\" src=\"https:\/\/www.youtube.com\/embed\/mSkMQIlbhzI?feature=oembed\" frameborder=\"0\" allow=\"accelerometer; autoplay; encrypted-media; gyroscope; picture-in-picture\" allowfullscreen><\/iframe>\n<\/div><\/figure>\n\n\n\n<ul class=\"wp-block-list\"><li><a rel=\"noreferrer noopener\" aria-label=\"Article du Monde 14 juin 2011 (s\u2019ouvre dans un nouvel onglet)\" href=\"https:\/\/www.lemonde.fr\/cinema\/article\/2011\/06\/14\/revoir-la-balade-sauvage-et-cerner-terrence-malick_1536007_3476.html\" target=\"_blank\">Article du Monde 14 juin 2011<\/a><\/li><\/ul>\n\n\n\n<ul class=\"wp-block-list\"><li><a rel=\"noreferrer noopener\" aria-label=\"Analyse et critique de Dvdclassik (s\u2019ouvre dans un nouvel onglet)\" href=\"http:\/\/www.dvdclassik.com\/critique\/la-balade-sauvage-malick\" target=\"_blank\">Analyse et critique de Dvdclassik<\/a><\/li><\/ul>\n\n\n\n<ul class=\"wp-block-list\"><li><a rel=\"noreferrer noopener\" aria-label=\"Critikat (s\u2019ouvre dans un nouvel onglet)\" href=\"https:\/\/www.critikat.com\/actualite-cine\/critique\/la-balade-sauvage\/\" target=\"_blank\">Critikat<\/a><\/li><li>Ce film est pass\u00e9 \u00e0 la cin\u00e9math\u00e8que de Grenoble le 30 janvier 2019 (<a href=\"http:\/\/www.petit-bulletin.fr\/grenoble\/cinema-article-63431-La+Balade+sauvage+++balade+culte+signee+Terrence+Malick.html\" target=\"_blank\" rel=\"noreferrer noopener\" aria-label=\"Lire article du Petit Bulletin (s\u2019ouvre dans un nouvel onglet)\">Lire article du Petit Bulletin<\/a>)<\/li><\/ul>\n\n\n\n<p>La vid\u00e9o de Face \u00e0 l&rsquo;histoire : Terrence Malick &#8211; Blow up &#8211; ARTE<\/p>\n\n\n\n<figure class=\"wp-block-embed-youtube wp-block-embed is-type-video is-provider-youtube wp-embed-aspect-16-9 wp-has-aspect-ratio\"><div class=\"wp-block-embed__wrapper\">\n<iframe loading=\"lazy\" width=\"780\" height=\"439\" src=\"https:\/\/www.youtube.com\/embed\/wjLKG8tNtOw?feature=oembed\" frameborder=\"0\" allow=\"accelerometer; autoplay; encrypted-media; gyroscope; picture-in-picture\" allowfullscreen><\/iframe>\n<\/div><\/figure>\n\n\n\n<p><a href=\"https:\/\/www.imdb.com\/videoplayer\/vi1319418393\" target=\"_blank\" rel=\"noreferrer noopener\" aria-label=\"https:\/\/www.imdb.com\/videoplayer\/vi1319418393 (s\u2019ouvre dans un nouvel onglet)\">https:\/\/www.imdb.com\/videoplayer\/vi1319418393<\/a><\/p>\n\n\n\n<p><a href=\"https:\/\/www.imdb.com\/title\/tt0069762\/videoplayer\/vi2001970713?ref_=vp_pl_1\" target=\"_blank\" rel=\"noreferrer noopener\" aria-label=\" (s\u2019ouvre dans un nouvel onglet)\">https:\/\/www.imdb.com\/title\/tt0069762\/videoplayer\/vi2001970713?ref_=vp_pl_1<\/a><\/p>\n","protected":false},"excerpt":{"rendered":"<p>Quand Kit Carruthers, 25 ans, et Holly, 15 ans, se rencontrent, elle s\u2019exerce avec son b\u00e2ton de majorette et lui vient d\u2019envoyer balader son job d\u2019\u00e9boueur. Avant ce gar\u00e7on qui ressemble \u00e0 James Dean, la gamine, nouvelle venue dans ce bled endormi du Dakota du Sud, n\u2019avait jamais attir\u00e9 l\u2019attention de personne. Bient\u00f4t, les voil\u00e0 <a class=\"more-link\" href=\"https:\/\/www.cineclubdubelvedere.fr\/?p=1677\">Lire plus &#8230;<\/a><\/p>\n","protected":false},"author":1,"featured_media":1715,"comment_status":"open","ping_status":"open","sticky":false,"template":"","format":"standard","meta":{"footnotes":""},"categories":[8],"tags":[],"class_list":["post-1677","post","type-post","status-publish","format-standard","has-post-thumbnail","hentry","category-archives"],"_links":{"self":[{"href":"https:\/\/www.cineclubdubelvedere.fr\/index.php?rest_route=\/wp\/v2\/posts\/1677","targetHints":{"allow":["GET"]}}],"collection":[{"href":"https:\/\/www.cineclubdubelvedere.fr\/index.php?rest_route=\/wp\/v2\/posts"}],"about":[{"href":"https:\/\/www.cineclubdubelvedere.fr\/index.php?rest_route=\/wp\/v2\/types\/post"}],"author":[{"embeddable":true,"href":"https:\/\/www.cineclubdubelvedere.fr\/index.php?rest_route=\/wp\/v2\/users\/1"}],"replies":[{"embeddable":true,"href":"https:\/\/www.cineclubdubelvedere.fr\/index.php?rest_route=%2Fwp%2Fv2%2Fcomments&post=1677"}],"version-history":[{"count":12,"href":"https:\/\/www.cineclubdubelvedere.fr\/index.php?rest_route=\/wp\/v2\/posts\/1677\/revisions"}],"predecessor-version":[{"id":1870,"href":"https:\/\/www.cineclubdubelvedere.fr\/index.php?rest_route=\/wp\/v2\/posts\/1677\/revisions\/1870"}],"wp:featuredmedia":[{"embeddable":true,"href":"https:\/\/www.cineclubdubelvedere.fr\/index.php?rest_route=\/wp\/v2\/media\/1715"}],"wp:attachment":[{"href":"https:\/\/www.cineclubdubelvedere.fr\/index.php?rest_route=%2Fwp%2Fv2%2Fmedia&parent=1677"}],"wp:term":[{"taxonomy":"category","embeddable":true,"href":"https:\/\/www.cineclubdubelvedere.fr\/index.php?rest_route=%2Fwp%2Fv2%2Fcategories&post=1677"},{"taxonomy":"post_tag","embeddable":true,"href":"https:\/\/www.cineclubdubelvedere.fr\/index.php?rest_route=%2Fwp%2Fv2%2Ftags&post=1677"}],"curies":[{"name":"wp","href":"https:\/\/api.w.org\/{rel}","templated":true}]}}