{"id":1865,"date":"2019-09-01T12:14:05","date_gmt":"2019-09-01T11:14:05","guid":{"rendered":"http:\/\/www.cineclubdubelvedere.fr\/?p=1865"},"modified":"2021-06-03T22:10:36","modified_gmt":"2021-06-03T21:10:36","slug":"on-connait-la-chanson-alain-resnais","status":"publish","type":"post","link":"https:\/\/www.cineclubdubelvedere.fr\/?p=1865","title":{"rendered":"On conna\u00eet la chanson &#8212; Mardi 15 octobre"},"content":{"rendered":"\n<p>Odile et Claude forment en apparence un couple solide. Pourtant, l&rsquo;\u00e9ternelle ind\u00e9cision de Claude finit par porter sur les nerfs d&rsquo;Odile, qui couve d&rsquo;un oeil humide de nostalgie le retour d&rsquo;un vieil amour, Nicolas. Ce dernier, qui arbore ostensiblement une r\u00e9ussite factice, cherche un appartement pour les siens. Simon, le vendeur auquel il s&rsquo;adresse, est plus concern\u00e9 par les visites guid\u00e9es \u00e0 travers Paris que dirige l&rsquo;imp\u00e9rieuse Camille, soeur d&rsquo;Odile, que par les affaires immobili\u00e8res. Camille, de son c\u00f4t\u00e9, se laisse s\u00e9duire par le patron de Simon, Marc, sans voir dans les attentions de Simon autre chose que le t\u00e9moignage d&rsquo;une amiti\u00e9 maladroite&#8230;(<a href=\"https:\/\/www.telerama.fr\/cinema\/films\/on-connait-la-chanson,29807.php\" target=\"_blank\" rel=\"noreferrer noopener\" aria-label=\"T\u00e9l\u00e9rama (s\u2019ouvre dans un nouvel onglet)\">T\u00e9l\u00e9rama<\/a>)<\/p>\n\n\n\n<figure class=\"wp-block-embed-dailymotion wp-block-embed is-type-video is-provider-dailymotion wp-embed-aspect-4-3 wp-has-aspect-ratio\"><div class=\"wp-block-embed__wrapper\">\n<iframe loading=\"lazy\" title=\"Bande-annonce : On Conna\u00eet La Chanson - VF\" frameborder=\"0\" width=\"780\" height=\"441\" src=\"https:\/\/www.dailymotion.com\/embed\/video\/x22jywn\" allowfullscreen allow=\"autoplay\"><\/iframe>\n<\/div><\/figure>\n\n\n\n<p>Le film sur <a rel=\"noreferrer noopener\" aria-label=\"Premi\u00e8re (s\u2019ouvre dans un nouvel onglet)\" href=\"http:\/\/www.premiere.fr\/film\/On-Connait-La-Chanson\" target=\"_blank\">Premi\u00e8re<\/a><\/p>\n\n\n\n<p>On conna\u00eet la chanson sur <a rel=\"noreferrer noopener\" aria-label=\"Wikip\u00e9dia (s\u2019ouvre dans un nouvel onglet)\" href=\"https:\/\/fr.wikipedia.org\/wiki\/On_conna\u00eet_la_chanson\" target=\"_blank\">Wikip\u00e9dia<\/a><\/p>\n\n\n\n<p>Fiche <a rel=\"noreferrer noopener\" aria-label=\"T\u00e9l\u00e9rama (s\u2019ouvre dans un nouvel onglet)\" href=\"https:\/\/www.telerama.fr\/cinema\/films\/on-connait-la-chanson,29807.php\" target=\"_blank\">T\u00e9l\u00e9rama<\/a><\/p>\n\n\n\n<p>Analyse sur <a rel=\"noreferrer noopener\" aria-label=\"Critikat (s\u2019ouvre dans un nouvel onglet)\" href=\"https:\/\/www.critikat.com\/panorama\/analyse\/on-connait-la-chanson\/\" target=\"_blank\">Critikat<\/a><\/p>\n\n\n\n<p>R\u00e9alisateur<\/p>\n\n\n\n<table class=\"wp-block-table\"><tbody><tr><td><a href=\"https:\/\/www.telerama.fr\/personnalite\/alain-resnais,6620.php\">Alain Resnais<\/a><\/td><\/tr><\/tbody><\/table>\n\n\n\n<p>Musique<\/p>\n\n\n\n<table class=\"wp-block-table\"><tbody><tr><td><a href=\"https:\/\/www.telerama.fr\/personnalite\/bruno-fontaine,38558.php\">Bruno Fontaine<\/a><\/td><\/tr><\/tbody><\/table>\n\n\n\n<p>Acteurs<\/p>\n\n\n\n<table class=\"wp-block-table\"><tbody><tr><td><a href=\"https:\/\/www.telerama.fr\/personnalite\/andre-dussollier,304.php\">Andr\u00e9 Dussollier<\/a><\/td><td>Simon<\/td><\/tr><tr><td><a href=\"https:\/\/www.telerama.fr\/personnalite\/sabine-azema,215.php\">Sabine Az\u00e9ma<\/a><\/td><td>Odile Lalande<\/td><\/tr><tr><td><a href=\"https:\/\/www.telerama.fr\/personnalite\/agnes-jaoui,1435.php\">Agn\u00e8s Jaoui<\/a><\/td><td>Camille Lalande<\/td><\/tr><tr><td><a href=\"https:\/\/www.telerama.fr\/personnalite\/jean-pierre-bacri,879.php\">Jean-Pierre Bacri<\/a><\/td><td>Nicolas<\/td><\/tr><tr><td><a href=\"https:\/\/www.telerama.fr\/personnalite\/lambert-wilson,12.php\">Lambert Wilson<\/a><\/td><td>Marc Duveyrier<\/td><\/tr><tr><td><a href=\"https:\/\/www.telerama.fr\/personnalite\/pierre-arditi,216.php\">Pierre Arditi<\/a><\/td><td>Claude Lalande<\/td><\/tr><tr><td><a href=\"https:\/\/www.telerama.fr\/personnalite\/jane-birkin,478.php\">Jane Birkin<\/a><\/td><td>Jane<\/td><\/tr><tr><td><a href=\"https:\/\/www.telerama.fr\/personnalite\/jean-paul-roussillon,881.php\">Jean-Paul Roussillon<\/a><\/td><td>le p\u00e8re<\/td><\/tr><\/tbody><\/table>\n\n\n\n<figure class=\"wp-block-embed-youtube wp-block-embed is-type-video is-provider-youtube wp-embed-aspect-16-9 wp-has-aspect-ratio\"><div class=\"wp-block-embed__wrapper\">\n<iframe loading=\"lazy\" title=\"extrait 40 - On conna\u00eet la chanson d&#039;Alain Resnais\" width=\"780\" height=\"585\" src=\"https:\/\/www.youtube.com\/embed\/fjem6BXxvU8?feature=oembed\" frameborder=\"0\" allow=\"accelerometer; autoplay; clipboard-write; encrypted-media; gyroscope; picture-in-picture\" allowfullscreen><\/iframe>\n<\/div><\/figure>\n\n\n\n<h2 class=\"wp-block-heading\">Les chansons du film (Wikip\u00e9dia)<\/h2>\n\n\n\n<ul class=\"wp-block-list\"><li><a href=\"https:\/\/fr.wikipedia.org\/wiki\/Jos%C3%A9phine_Baker\">Jos\u00e9phine Baker<\/a>&nbsp;:&nbsp;<em><a href=\"https:\/\/fr.wikipedia.org\/wiki\/J%27ai_deux_amours_(chanson)\">J&rsquo;ai deux amours<\/a><\/em><\/li><li><a href=\"https:\/\/fr.wikipedia.org\/wiki\/Dalida\">Dalida<\/a>&nbsp;et&nbsp;<a href=\"https:\/\/fr.wikipedia.org\/wiki\/Alain_Delon\">Alain Delon<\/a>&nbsp;:&nbsp;<em><a href=\"https:\/\/fr.wikipedia.org\/wiki\/Parole_parole\">Paroles, paroles<\/a><\/em><\/li><li><a href=\"https:\/\/fr.wikipedia.org\/wiki\/Charles_Aznavour\">Charles Aznavour<\/a>&nbsp;:&nbsp;<em>Et moi dans mon coin<\/em><\/li><li><a href=\"https:\/\/fr.wikipedia.org\/wiki\/Ren%C3%A9_Koval\">Ren\u00e9 Koval<\/a>&nbsp;:&nbsp;<em>C&rsquo;est d\u00e9go\u00fbtant mais n\u00e9cessaire<\/em><\/li><li><a href=\"https:\/\/fr.wikipedia.org\/wiki\/Simone_Simon\">Simone Simon<\/a>&nbsp;:&nbsp;<em>Afin de plaire \u00e0 son papa<\/em><\/li><li><a href=\"https:\/\/fr.wikipedia.org\/wiki\/Gaston_Ouvrard\">Gaston Ouvrard<\/a>&nbsp;:&nbsp;<em><a href=\"https:\/\/fr.wikipedia.org\/wiki\/Je_n%27suis_pas_bien_portant\">Je n&rsquo;suis pas bien portant<\/a><\/em><\/li><li><a href=\"https:\/\/fr.wikipedia.org\/wiki\/Albert_Pr%C3%A9jean\">Albert Pr\u00e9jean<\/a>&nbsp;:&nbsp;<em>Je m&rsquo;donne<\/em><\/li><li><a href=\"https:\/\/fr.wikipedia.org\/wiki\/Jacques_Dutronc\">Jacques Dutronc<\/a>&nbsp;:&nbsp;<em><a href=\"https:\/\/fr.wikipedia.org\/wiki\/J%27aime_les_filles_(chanson)\">J&rsquo;aime les filles<\/a><\/em><\/li><li><a href=\"https:\/\/fr.wikipedia.org\/wiki\/Michel_Sardou\">Michel Sardou<\/a>&nbsp;:&nbsp;<em>D\u00e9j\u00e0 vu<\/em><\/li><li><a href=\"https:\/\/fr.wikipedia.org\/wiki\/Gilbert_B%C3%A9caud\">Gilbert B\u00e9caud<\/a>&nbsp;:&nbsp;<em><a href=\"https:\/\/fr.wikipedia.org\/wiki\/Nathalie_(chanson)\">Nathalie<\/a><\/em><\/li><li><a href=\"https:\/\/fr.wikipedia.org\/wiki\/Maurice_Chevalier\">Maurice Chevalier<\/a>&nbsp;:&nbsp;<em><a href=\"https:\/\/fr.wikipedia.org\/wiki\/Dans_la_vie_faut_pas_s%27en_faire\">Dans la vie faut pas s&rsquo;en faire<\/a><\/em><\/li><li><a href=\"https:\/\/fr.wikipedia.org\/wiki\/Arletty\">Arletty<\/a>&nbsp;et&nbsp;<a href=\"https:\/\/fr.wikipedia.org\/wiki\/Jean_Aquistapace\">Jean Aquistapace<\/a>&nbsp;:&nbsp;<em>Et le reste<\/em><\/li><li><a href=\"https:\/\/fr.wikipedia.org\/wiki\/%C3%89dith_Piaf\">\u00c9dith Piaf<\/a>&nbsp;:&nbsp;<em>J&rsquo;m&rsquo;en fous pas mal<\/em><\/li><li><a href=\"https:\/\/fr.wikipedia.org\/wiki\/Alain_Bashung\">Alain Bashung<\/a>&nbsp;:&nbsp;<em><a href=\"https:\/\/fr.wikipedia.org\/wiki\/Vertige_de_l%27amour_(chanson)\">Vertige de l&rsquo;amour<\/a><\/em><\/li><li><a href=\"https:\/\/fr.wikipedia.org\/wiki\/Sheila\">Sheila<\/a>&nbsp;:&nbsp;<em><a href=\"https:\/\/fr.wikipedia.org\/wiki\/L%27%C3%A9cole_est_finie_(chanson)\">L&rsquo;\u00e9cole est finie<\/a><\/em><\/li><li><a href=\"https:\/\/fr.wikipedia.org\/wiki\/Serge_Lama\">Serge Lama<\/a>&nbsp;:&nbsp;<em><a href=\"https:\/\/fr.wikipedia.org\/wiki\/Je_suis_malade_(chanson)\">Je suis malade<\/a><\/em><\/li><li><a href=\"https:\/\/fr.wikipedia.org\/wiki\/L%C3%A9o_Ferr%C3%A9\">L\u00e9o Ferr\u00e9<\/a>&nbsp;:&nbsp;<em><a href=\"https:\/\/fr.wikipedia.org\/wiki\/Avec_le_temps_(chanson)\">Avec le temps<\/a><\/em><\/li><li><a href=\"https:\/\/fr.wikipedia.org\/wiki\/Henri_Garat\">Henri Garat<\/a>&nbsp;:&nbsp;<em><a href=\"https:\/\/fr.wikipedia.org\/wiki\/Avoir_un_bon_copain\">Avoir un bon copain<\/a><\/em><\/li><li><a href=\"https:\/\/fr.wikipedia.org\/wiki\/Jane_Birkin\">Jane Birkin<\/a>&nbsp;:&nbsp;<em>Quoi<\/em><\/li><li><a href=\"https:\/\/fr.wikipedia.org\/wiki\/France_Gall\">France Gall<\/a>&nbsp;:&nbsp;<em><a href=\"https:\/\/fr.wikipedia.org\/wiki\/R%C3%A9siste\">R\u00e9siste<\/a><\/em><\/li><li><a href=\"https:\/\/fr.wikipedia.org\/wiki\/Henri_Garat\">Henri Garat<\/a>&nbsp;:&nbsp;<em>Amusez-vous<\/em><\/li><li><a href=\"https:\/\/fr.wikipedia.org\/wiki\/Henri_Garat\">Henri Garat<\/a>&nbsp;:&nbsp;<em>La T\u00eate qu&rsquo;il faut faire<\/em><\/li><li><a href=\"https:\/\/fr.wikipedia.org\/wiki\/Alain_Souchon\">Alain Souchon<\/a>&nbsp;:&nbsp;<em><a href=\"https:\/\/fr.wikipedia.org\/wiki\/Sous_les_jupes_des_filles_(chanson)\">Sous les jupes des filles<\/a><\/em><\/li><li><a href=\"https:\/\/fr.wikipedia.org\/wiki\/Eddy_Mitchell\">Eddy Mitchell<\/a>&nbsp;:&nbsp;<em><a href=\"https:\/\/fr.wikipedia.org\/wiki\/La_Derni%C3%A8re_S%C3%A9ance_(chanson)\">La Derni\u00e8re S\u00e9ance<\/a><\/em><\/li><li><a href=\"https:\/\/fr.wikipedia.org\/wiki\/Sylvie_Vartan\">Sylvie Vartan<\/a>&nbsp;:&nbsp;<em><a href=\"https:\/\/fr.wikipedia.org\/wiki\/La_Plus_Belle_pour_aller_danser\">La Plus Belle pour aller danser<\/a><\/em><\/li><li><a href=\"https:\/\/fr.wikipedia.org\/wiki\/Serge_Gainsbourg\">Serge Gainsbourg<\/a>&nbsp;:&nbsp;<em><a href=\"https:\/\/fr.wikipedia.org\/wiki\/Je_suis_venu_te_dire_que_je_m%27en_vais\">Je suis venu te dire que je m&rsquo;en vais<\/a><\/em><\/li><li><a href=\"https:\/\/fr.wikipedia.org\/wiki\/Eddy_Mitchell\">Eddy Mitchell<\/a>&nbsp;:&nbsp;<em>Je vous d\u00e9range<\/em><\/li><li><a href=\"https:\/\/fr.wikipedia.org\/wiki\/T%C3%A9l%C3%A9phone_(groupe)\">T\u00e9l\u00e9phone<\/a>&nbsp;:&nbsp;<em><a href=\"https:\/\/fr.wikipedia.org\/wiki\/%C3%87a_(c%27est_vraiment_toi)\">\u00c7a (c&rsquo;est vraiment toi)<\/a><\/em><\/li><li><a href=\"https:\/\/fr.wikipedia.org\/wiki\/Dranem\">Dranem<\/a>&nbsp;:&nbsp;<em>Quand on perd la t\u00eate<\/em><\/li><li><a href=\"https:\/\/fr.wikipedia.org\/wiki\/Johnny_Hallyday\">Johnny Hallyday<\/a>&nbsp;:&nbsp;<em><a href=\"https:\/\/fr.wikipedia.org\/wiki\/Ma_gueule\">Ma gueule<\/a><\/em><\/li><li><a href=\"https:\/\/fr.wikipedia.org\/wiki\/Pierre_Perret\">Pierre Perret<\/a>&nbsp;:&nbsp;<em>Mon p&rsquo;tit loup<\/em><\/li><li><a href=\"https:\/\/fr.wikipedia.org\/wiki\/Claude_Fran%C3%A7ois\">Claude Fran\u00e7ois<\/a>&nbsp;:&nbsp;<em><a href=\"https:\/\/fr.wikipedia.org\/wiki\/Le_Mal-Aim%C3%A9\">Le Mal-Aim\u00e9<\/a><\/em><\/li><li><a href=\"https:\/\/fr.wikipedia.org\/wiki\/Michel_Jonasz\">Michel Jonasz<\/a>&nbsp;:&nbsp;<em>J&rsquo;veux pas qu&rsquo;tu t&rsquo;en ailles<\/em><\/li><li><a href=\"https:\/\/fr.wikipedia.org\/wiki\/Julien_Clerc\">Julien Clerc<\/a>&nbsp;:&nbsp;<em><a href=\"https:\/\/fr.wikipedia.org\/wiki\/Ce_n%27est_rien\">Ce n&rsquo;est rien<\/a><\/em><\/li><li><a href=\"https:\/\/fr.wikipedia.org\/wiki\/Claude_Fran%C3%A7ois\">Claude Fran\u00e7ois<\/a>&nbsp;:&nbsp;<em><a href=\"https:\/\/fr.wikipedia.org\/wiki\/Chanson_populaire_(chanson)\">Chanson populaire<\/a><\/em><\/li><li><a href=\"https:\/\/fr.wikipedia.org\/wiki\/Eddy_Mitchell\">Eddy Mitchell<\/a>&nbsp;:&nbsp;<em>Blues du blanc<\/em><\/li><\/ul>\n\n\n\n<p><a href=\"https:\/\/www.franceculture.fr\/cinema\/alain-resnais-cinema-cinemas\" target=\"_blank\" rel=\"noreferrer noopener\" aria-label=\"Alain Resnais sur France Culture (s\u2019ouvre dans un nouvel onglet)\">Alain Resnais sur France Culture<\/a><\/p>\n","protected":false},"excerpt":{"rendered":"<p>Odile et Claude forment en apparence un couple solide. Pourtant, l&rsquo;\u00e9ternelle ind\u00e9cision de Claude finit par porter sur les nerfs d&rsquo;Odile, qui couve d&rsquo;un oeil humide de nostalgie le retour d&rsquo;un vieil amour, Nicolas. Ce dernier, qui arbore ostensiblement une r\u00e9ussite factice, cherche un appartement pour les siens. Simon, le vendeur auquel il s&rsquo;adresse, est <a class=\"more-link\" href=\"https:\/\/www.cineclubdubelvedere.fr\/?p=1865\">Lire plus &#8230;<\/a><\/p>\n","protected":false},"author":1,"featured_media":1868,"comment_status":"open","ping_status":"open","sticky":false,"template":"","format":"standard","meta":{"footnotes":""},"categories":[8],"tags":[],"class_list":["post-1865","post","type-post","status-publish","format-standard","has-post-thumbnail","hentry","category-archives"],"_links":{"self":[{"href":"https:\/\/www.cineclubdubelvedere.fr\/index.php?rest_route=\/wp\/v2\/posts\/1865","targetHints":{"allow":["GET"]}}],"collection":[{"href":"https:\/\/www.cineclubdubelvedere.fr\/index.php?rest_route=\/wp\/v2\/posts"}],"about":[{"href":"https:\/\/www.cineclubdubelvedere.fr\/index.php?rest_route=\/wp\/v2\/types\/post"}],"author":[{"embeddable":true,"href":"https:\/\/www.cineclubdubelvedere.fr\/index.php?rest_route=\/wp\/v2\/users\/1"}],"replies":[{"embeddable":true,"href":"https:\/\/www.cineclubdubelvedere.fr\/index.php?rest_route=%2Fwp%2Fv2%2Fcomments&post=1865"}],"version-history":[{"count":11,"href":"https:\/\/www.cineclubdubelvedere.fr\/index.php?rest_route=\/wp\/v2\/posts\/1865\/revisions"}],"predecessor-version":[{"id":1932,"href":"https:\/\/www.cineclubdubelvedere.fr\/index.php?rest_route=\/wp\/v2\/posts\/1865\/revisions\/1932"}],"wp:featuredmedia":[{"embeddable":true,"href":"https:\/\/www.cineclubdubelvedere.fr\/index.php?rest_route=\/wp\/v2\/media\/1868"}],"wp:attachment":[{"href":"https:\/\/www.cineclubdubelvedere.fr\/index.php?rest_route=%2Fwp%2Fv2%2Fmedia&parent=1865"}],"wp:term":[{"taxonomy":"category","embeddable":true,"href":"https:\/\/www.cineclubdubelvedere.fr\/index.php?rest_route=%2Fwp%2Fv2%2Fcategories&post=1865"},{"taxonomy":"post_tag","embeddable":true,"href":"https:\/\/www.cineclubdubelvedere.fr\/index.php?rest_route=%2Fwp%2Fv2%2Ftags&post=1865"}],"curies":[{"name":"wp","href":"https:\/\/api.w.org\/{rel}","templated":true}]}}