{"id":1877,"date":"2019-09-01T10:30:14","date_gmt":"2019-09-01T09:30:14","guid":{"rendered":"http:\/\/www.cineclubdubelvedere.fr\/?p=1877"},"modified":"2021-06-03T22:10:46","modified_gmt":"2021-06-03T21:10:46","slug":"pink-floyd-the-wall-mardi-12-novembre","status":"publish","type":"post","link":"https:\/\/www.cineclubdubelvedere.fr\/?p=1877","title":{"rendered":"Pink Floyd The Wall &#8212; Mardi 12 novembre"},"content":{"rendered":"\n<h2 class=\"wp-block-heading\">Synopsis (T\u00e9l\u00e9rama)<\/h2>\n\n\n\n<p>Trop de tourn\u00e9es, trop de drogues, trop de d\u00e9ceptions ont an\u00e9anti Pink, star du rock, prostr\u00e9 dans une chambre d&rsquo;h\u00f4tel devant un poste de t\u00e9l\u00e9vision. Au rythme des images qui d\u00e9filent sous son regard vide, Pink se souvient. De son enfance, il n&rsquo;a gard\u00e9 que des souvenirs amers : la mort d&rsquo;un p\u00e8re tomb\u00e9 pendant la guerre, une \u00e9cole qui l&rsquo;\u00e9touffait, une m\u00e8re trop protectrice. Du pr\u00e9sent, la star ne retient que des d\u00e9sillusions : sa femme qui l&rsquo;a quitt\u00e9 et les exc\u00e8s qui l&rsquo;ont bris\u00e9. L&rsquo;avenir, Pink n&rsquo;y songe plus. Il \u00e9touffe sous une masse de cauchemars, de fantasmes, et sombre \u00e9pisodiquement dans des crises de delirium tremens&#8230;<\/p>\n\n\n\n<p><a href=\"https:\/\/www.critikat.com\/actualite-cine\/critique\/pink-floyd-the-wall\/\" target=\"_blank\" rel=\"noreferrer noopener\" aria-label=\"Critikat (s\u2019ouvre dans un nouvel onglet)\">Critikat<\/a><\/p>\n\n\n\n<p>R\u00e9alisateur<\/p>\n\n\n\n<table class=\"wp-block-table\"><tbody><tr><td><a href=\"https:\/\/www.telerama.fr\/personnalite\/alan-parker,20338.php\">Alan Parker<\/a><\/td><\/tr><\/tbody><\/table>\n\n\n\n<p>Musique<\/p>\n\n\n\n<table class=\"wp-block-table\"><tbody><tr><td><a href=\"https:\/\/www.telerama.fr\/personnalite\/robert-ezrine,482307.php\">Robert Ezrine<\/a><\/td><\/tr><\/tbody><\/table>\n\n\n\n<p>Acteurs<\/p>\n\n\n\n<table class=\"wp-block-table\"><tbody><tr><td><a href=\"https:\/\/www.telerama.fr\/personnalite\/bob-geldof,47594.php\">Bob Geldof<\/a><\/td><td>Pink<\/td><\/tr><tr><td><a href=\"https:\/\/www.telerama.fr\/personnalite\/christine-hargreaves,47595.php\">Christine Hargreaves<\/a><\/td><td>sa m\u00e8re<\/td><\/tr><tr><td><a href=\"https:\/\/www.telerama.fr\/personnalite\/james-laurenson,47596.php\">James Laurenson<\/a><\/td><td>son p\u00e8re<\/td><\/tr><tr><td><a href=\"https:\/\/www.telerama.fr\/personnalite\/eleanor-david,47597.php\">Eleanor David<\/a><\/td><td>sa femme<\/td><\/tr><tr><td><a href=\"https:\/\/www.telerama.fr\/personnalite\/kevin-mckeon,482283.php\">Kevin McKeon<\/a><\/td><td>Pink adolescent<\/td><\/tr><tr><td><a href=\"https:\/\/www.telerama.fr\/personnalite\/bob-hoskins,2429.php\">Bob Hoskins<\/a><\/td><td>le manager<\/td><\/tr><tr><td><a href=\"https:\/\/www.telerama.fr\/personnalite\/david-bingham,482301.php\">David Bingham<\/a><\/td><td>Pink enfant<\/td><\/tr><tr><td><a href=\"https:\/\/www.telerama.fr\/personnalite\/jenny-wright,393255.php\">Jenny Wright<\/a><\/td><td>la groupie am\u00e9ricaine<\/td><\/tr><\/tbody><\/table>\n\n\n\n<p><em>\u00ab\u00a0\u0152uvre \u00e9nigmatique aux nombreuses zones d\u2019ombre qui a \u00e9t\u00e9, est toujours et restera \u00e0 jamais un objet filmique exp\u00e9rimentalo-musical singulier mati\u00e8re \u00e0 multiples analyses et interpr\u00e9tations,&nbsp;Pink Floyd The Wall&nbsp;est une \u0153uvre conceptuelle, un film psych\u00e9d\u00e9lique sans dialogues et enti\u00e8rement inscrit dans l\u2019interpr\u00e9tation imag\u00e9e d\u2019une musique envo\u00fbtante et f\u00e9rocement d\u00e9nonciatrice, devenue une r\u00e9f\u00e9rence quasi-indissociable de l\u2019album dont il est tir\u00e9.\u00a0\u00bb<\/em> <em><a rel=\"noreferrer noopener\" aria-label=\"Mondocine.net (s\u2019ouvre dans un nouvel onglet)\" href=\"http:\/\/mondocine.net\/pink-floyd-the-wall-critique-drame-musical\/\" target=\"_blank\">Mondocine.net<\/a><\/em><\/p>\n\n\n\n<figure class=\"wp-block-embed-youtube wp-block-embed is-type-video is-provider-youtube wp-embed-aspect-4-3 wp-has-aspect-ratio\"><div class=\"wp-block-embed__wrapper\">\n<iframe loading=\"lazy\" title=\"Pink Floyd The Wall Trailer\" width=\"780\" height=\"585\" src=\"https:\/\/www.youtube.com\/embed\/Pw9U6OHEaiU?feature=oembed\" frameborder=\"0\" allow=\"accelerometer; autoplay; clipboard-write; encrypted-media; gyroscope; picture-in-picture\" allowfullscreen><\/iframe>\n<\/div><\/figure>\n\n\n\n<div class=\"wp-block-file\"><a href=\"http:\/\/www.cineclubdubelvedere.fr\/wp-content\/uploads\/2019\/11\/Fiche-The-Wall.pdf\"> The Wall (fiche du cin\u00e9club)<\/a><a href=\"http:\/\/www.cineclubdubelvedere.fr\/wp-content\/uploads\/2019\/11\/Fiche-The-Wall.pdf\" class=\"wp-block-file__button\" download>T\u00e9l\u00e9charger<\/a><\/div>\n\n\n\n<p><\/p>\n","protected":false},"excerpt":{"rendered":"<p>Synopsis (T\u00e9l\u00e9rama) Trop de tourn\u00e9es, trop de drogues, trop de d\u00e9ceptions ont an\u00e9anti Pink, star du rock, prostr\u00e9 dans une chambre d&rsquo;h\u00f4tel devant un poste de t\u00e9l\u00e9vision. Au rythme des images qui d\u00e9filent sous son regard vide, Pink se souvient. De son enfance, il n&rsquo;a gard\u00e9 que des souvenirs amers : la mort d&rsquo;un p\u00e8re <a class=\"more-link\" href=\"https:\/\/www.cineclubdubelvedere.fr\/?p=1877\">Lire plus &#8230;<\/a><\/p>\n","protected":false},"author":1,"featured_media":1878,"comment_status":"open","ping_status":"open","sticky":false,"template":"","format":"standard","meta":{"footnotes":""},"categories":[8],"tags":[],"class_list":["post-1877","post","type-post","status-publish","format-standard","has-post-thumbnail","hentry","category-archives"],"_links":{"self":[{"href":"https:\/\/www.cineclubdubelvedere.fr\/index.php?rest_route=\/wp\/v2\/posts\/1877","targetHints":{"allow":["GET"]}}],"collection":[{"href":"https:\/\/www.cineclubdubelvedere.fr\/index.php?rest_route=\/wp\/v2\/posts"}],"about":[{"href":"https:\/\/www.cineclubdubelvedere.fr\/index.php?rest_route=\/wp\/v2\/types\/post"}],"author":[{"embeddable":true,"href":"https:\/\/www.cineclubdubelvedere.fr\/index.php?rest_route=\/wp\/v2\/users\/1"}],"replies":[{"embeddable":true,"href":"https:\/\/www.cineclubdubelvedere.fr\/index.php?rest_route=%2Fwp%2Fv2%2Fcomments&post=1877"}],"version-history":[{"count":10,"href":"https:\/\/www.cineclubdubelvedere.fr\/index.php?rest_route=\/wp\/v2\/posts\/1877\/revisions"}],"predecessor-version":[{"id":1964,"href":"https:\/\/www.cineclubdubelvedere.fr\/index.php?rest_route=\/wp\/v2\/posts\/1877\/revisions\/1964"}],"wp:featuredmedia":[{"embeddable":true,"href":"https:\/\/www.cineclubdubelvedere.fr\/index.php?rest_route=\/wp\/v2\/media\/1878"}],"wp:attachment":[{"href":"https:\/\/www.cineclubdubelvedere.fr\/index.php?rest_route=%2Fwp%2Fv2%2Fmedia&parent=1877"}],"wp:term":[{"taxonomy":"category","embeddable":true,"href":"https:\/\/www.cineclubdubelvedere.fr\/index.php?rest_route=%2Fwp%2Fv2%2Fcategories&post=1877"},{"taxonomy":"post_tag","embeddable":true,"href":"https:\/\/www.cineclubdubelvedere.fr\/index.php?rest_route=%2Fwp%2Fv2%2Ftags&post=1877"}],"curies":[{"name":"wp","href":"https:\/\/api.w.org\/{rel}","templated":true}]}}