{"id":1896,"date":"2019-09-01T09:00:25","date_gmt":"2019-09-01T08:00:25","guid":{"rendered":"http:\/\/www.cineclubdubelvedere.fr\/?p=1896"},"modified":"2021-06-03T22:10:20","modified_gmt":"2021-06-03T21:10:20","slug":"mardi-14-janvier-carte-blanche-a-sylvie-rollet","status":"publish","type":"post","link":"https:\/\/www.cineclubdubelvedere.fr\/?p=1896","title":{"rendered":"Mardi 14 janvier &#8211; carte blanche \u00e0 Sylvie Rollet"},"content":{"rendered":"\n<p>La s\u00e9ance du 14 Janvier a \u00e9t\u00e9 consacr\u00e9e au cin\u00e9aste <strong><a rel=\"noreferrer noopener\" aria-label=\"Artavazd Pelechian (s\u2019ouvre dans un nouvel onglet)\" href=\"https:\/\/fr.wikipedia.org\/wiki\/Artavazd_Pelechian\" target=\"_blank\">Artavazd Pelechian<\/a><\/strong>,  cin\u00e9aste et po\u00e8te du r\u00e9el et pr\u00e9sent\u00e9e par Sylvie Rollet.<\/p>\n\n\n\n<figure class=\"wp-block-image\"><img loading=\"lazy\" decoding=\"async\" width=\"1024\" height=\"803\" src=\"http:\/\/www.cineclubdubelvedere.fr\/wp-content\/uploads\/2020\/01\/IMG_20200114_204256-1024x803.jpg\" alt=\"\" class=\"wp-image-2015\" srcset=\"https:\/\/www.cineclubdubelvedere.fr\/wp-content\/uploads\/2020\/01\/IMG_20200114_204256-1024x803.jpg 1024w, https:\/\/www.cineclubdubelvedere.fr\/wp-content\/uploads\/2020\/01\/IMG_20200114_204256-300x235.jpg 300w, https:\/\/www.cineclubdubelvedere.fr\/wp-content\/uploads\/2020\/01\/IMG_20200114_204256-768x602.jpg 768w, https:\/\/www.cineclubdubelvedere.fr\/wp-content\/uploads\/2020\/01\/IMG_20200114_204256-624x489.jpg 624w\" sizes=\"auto, (max-width: 1024px) 100vw, 1024px\" \/><figcaption>Sylvie Rollet nous pr\u00e9sente Artavazd Pelechian<\/figcaption><\/figure>\n\n\n\n<figure class=\"wp-block-image\"><img loading=\"lazy\" decoding=\"async\" width=\"1024\" height=\"664\" src=\"http:\/\/www.cineclubdubelvedere.fr\/wp-content\/uploads\/2020\/01\/IMG_20200114_204239-1024x664.jpg\" alt=\"\" class=\"wp-image-2016\" srcset=\"https:\/\/www.cineclubdubelvedere.fr\/wp-content\/uploads\/2020\/01\/IMG_20200114_204239-1024x664.jpg 1024w, https:\/\/www.cineclubdubelvedere.fr\/wp-content\/uploads\/2020\/01\/IMG_20200114_204239-300x195.jpg 300w, https:\/\/www.cineclubdubelvedere.fr\/wp-content\/uploads\/2020\/01\/IMG_20200114_204239-768x498.jpg 768w, https:\/\/www.cineclubdubelvedere.fr\/wp-content\/uploads\/2020\/01\/IMG_20200114_204239-624x405.jpg 624w\" sizes=\"auto, (max-width: 1024px) 100vw, 1024px\" \/><figcaption>Filmographie de Pelechian<\/figcaption><\/figure>\n\n\n\n<ul class=\"wp-block-list\"><li><a href=\"http:\/\/pelechian.free.fr\/Pelechian\/Pelechian___Accueil.html\" target=\"_blank\" rel=\"noreferrer noopener\" aria-label=\"ARTAVAZD PELECHIAN ET LE MONTAGE (s\u2019ouvre dans un nouvel onglet)\">ARTAVAZD PELECHIAN ET LE MONTAGE<\/a> (Site p\u00e9dagogique sur le cin\u00e9ma de Pelechian)<\/li><\/ul>\n\n\n\n<ul class=\"wp-block-list\"><li><a rel=\"noreferrer noopener\" aria-label=\"Films sans fronti\u00e8res (s\u2019ouvre dans un nouvel onglet)\" href=\"http:\/\/www.films-sans-frontieres.fr\/pelechian\/films\/\" target=\"_blank\">Films sans fronti\u00e8res<\/a><\/li><li><a rel=\"noreferrer noopener\" aria-label=\"Conversation entre Artavazd Pelechian et Jean-Luc Godard (s\u2019ouvre dans un nouvel onglet)\" href=\"http:\/\/derives.tv\/conversation-entre-artavazd\/\" target=\"_blank\">Conversation entre Artavazd Pelechian et Jean-Luc Godard<\/a><\/li><li>Sur <a href=\"http:\/\/www.film-documentaire.fr\/4DACTION\/w_auteur_liste\/3937\" target=\"_blank\" rel=\"noreferrer noopener\" aria-label=\"film documentaire.tv (s\u2019ouvre dans un nouvel onglet)\">film documentaire.tv<\/a><\/li><\/ul>\n\n\n\n<figure class=\"wp-block-image\"><img loading=\"lazy\" decoding=\"async\" width=\"525\" height=\"700\" src=\"http:\/\/www.cineclubdubelvedere.fr\/wp-content\/uploads\/2019\/12\/Pelechian.jpg\" alt=\"\" class=\"wp-image-1997\" srcset=\"https:\/\/www.cineclubdubelvedere.fr\/wp-content\/uploads\/2019\/12\/Pelechian.jpg 525w, https:\/\/www.cineclubdubelvedere.fr\/wp-content\/uploads\/2019\/12\/Pelechian-225x300.jpg 225w\" sizes=\"auto, (max-width: 525px) 100vw, 525px\" \/><\/figure>\n\n\n\n<figure class=\"wp-block-embed-youtube wp-block-embed is-type-video is-provider-youtube wp-embed-aspect-4-3 wp-has-aspect-ratio\"><div class=\"wp-block-embed__wrapper\">\n<iframe loading=\"lazy\" title=\"Artavazd PELECHIAN -- L&#039;inizio - Beginning - Au d\u00e9but.mpg\" width=\"780\" height=\"585\" src=\"https:\/\/www.youtube.com\/embed\/7xlfygqKco8?feature=oembed\" frameborder=\"0\" allow=\"accelerometer; autoplay; clipboard-write; encrypted-media; gyroscope; picture-in-picture\" allowfullscreen><\/iframe>\n<\/div><figcaption>Au d\u00e9but &#8211; Beginning<\/figcaption><\/figure>\n\n\n\n<figure class=\"wp-block-embed-youtube wp-block-embed is-type-video is-provider-youtube wp-embed-aspect-4-3 wp-has-aspect-ratio\"><div class=\"wp-block-embed__wrapper\">\n<iframe loading=\"lazy\" title=\"Mountain Vigil \u2014 Artavazd Peleshian\" width=\"780\" height=\"585\" src=\"https:\/\/www.youtube.com\/embed\/ugNdymisWIA?feature=oembed\" frameborder=\"0\" allow=\"accelerometer; autoplay; clipboard-write; encrypted-media; gyroscope; picture-in-picture\" allowfullscreen><\/iframe>\n<\/div><figcaption>Patrouille de montagne &#8211; Mountain vigil<\/figcaption><\/figure>\n","protected":false},"excerpt":{"rendered":"<p>La s\u00e9ance du 14 Janvier a \u00e9t\u00e9 consacr\u00e9e au cin\u00e9aste Artavazd Pelechian, cin\u00e9aste et po\u00e8te du r\u00e9el et pr\u00e9sent\u00e9e par Sylvie Rollet. ARTAVAZD PELECHIAN ET LE MONTAGE (Site p\u00e9dagogique sur le cin\u00e9ma de Pelechian) Films sans fronti\u00e8res Conversation entre Artavazd Pelechian et Jean-Luc Godard Sur film documentaire.tv<\/p>\n","protected":false},"author":1,"featured_media":2002,"comment_status":"open","ping_status":"open","sticky":false,"template":"","format":"standard","meta":{"footnotes":""},"categories":[8],"tags":[],"class_list":["post-1896","post","type-post","status-publish","format-standard","has-post-thumbnail","hentry","category-archives"],"_links":{"self":[{"href":"https:\/\/www.cineclubdubelvedere.fr\/index.php?rest_route=\/wp\/v2\/posts\/1896","targetHints":{"allow":["GET"]}}],"collection":[{"href":"https:\/\/www.cineclubdubelvedere.fr\/index.php?rest_route=\/wp\/v2\/posts"}],"about":[{"href":"https:\/\/www.cineclubdubelvedere.fr\/index.php?rest_route=\/wp\/v2\/types\/post"}],"author":[{"embeddable":true,"href":"https:\/\/www.cineclubdubelvedere.fr\/index.php?rest_route=\/wp\/v2\/users\/1"}],"replies":[{"embeddable":true,"href":"https:\/\/www.cineclubdubelvedere.fr\/index.php?rest_route=%2Fwp%2Fv2%2Fcomments&post=1896"}],"version-history":[{"count":14,"href":"https:\/\/www.cineclubdubelvedere.fr\/index.php?rest_route=\/wp\/v2\/posts\/1896\/revisions"}],"predecessor-version":[{"id":2022,"href":"https:\/\/www.cineclubdubelvedere.fr\/index.php?rest_route=\/wp\/v2\/posts\/1896\/revisions\/2022"}],"wp:featuredmedia":[{"embeddable":true,"href":"https:\/\/www.cineclubdubelvedere.fr\/index.php?rest_route=\/wp\/v2\/media\/2002"}],"wp:attachment":[{"href":"https:\/\/www.cineclubdubelvedere.fr\/index.php?rest_route=%2Fwp%2Fv2%2Fmedia&parent=1896"}],"wp:term":[{"taxonomy":"category","embeddable":true,"href":"https:\/\/www.cineclubdubelvedere.fr\/index.php?rest_route=%2Fwp%2Fv2%2Fcategories&post=1896"},{"taxonomy":"post_tag","embeddable":true,"href":"https:\/\/www.cineclubdubelvedere.fr\/index.php?rest_route=%2Fwp%2Fv2%2Ftags&post=1896"}],"curies":[{"name":"wp","href":"https:\/\/api.w.org\/{rel}","templated":true}]}}