{"id":1898,"date":"2019-09-01T08:51:55","date_gmt":"2019-09-01T07:51:55","guid":{"rendered":"http:\/\/www.cineclubdubelvedere.fr\/?p=1898"},"modified":"2021-06-03T22:10:02","modified_gmt":"2021-06-03T21:10:02","slug":"missing-mardi-11-fevrier","status":"publish","type":"post","link":"https:\/\/www.cineclubdubelvedere.fr\/?p=1898","title":{"rendered":"Missing &#8211; Mardi 11 f\u00e9vrier"},"content":{"rendered":"\n<p>Charles, un journaliste am\u00e9ricain, et sa compagne Beth, se sont install\u00e9s dans la capitale du Chili, Santiago. Cependant, suite au coup d&rsquo;\u00c9tat qui \u00e9clate le 11 septembre 1973, Charles dispara\u00eet brusquement. Son p\u00e8re, un important homme d&rsquo;affaires new-yorkais, vient en aide \u00e0 Beth pour tenter de le retrouver. (<a href=\"https:\/\/fr.wikipedia.org\/wiki\/Missing_(film,_1982)\" target=\"_blank\" rel=\"noreferrer noopener\" aria-label=\"Wikipedia (s\u2019ouvre dans un nouvel onglet)\">Wikipedia<\/a>)<\/p>\n\n\n\n<ul class=\"wp-block-list\"><li>Article de <strong><a rel=\"noreferrer noopener\" aria-label=\"T\u00e9l\u00e9rama (s\u2019ouvre dans un nouvel onglet)\" href=\"https:\/\/www.telerama.fr\/television\/missing...,-du-coup-detat-au-coup-declat-de-costa-gavras,n5638605.php\" target=\"_blank\">T\u00e9l\u00e9rama<\/a><\/strong><\/li><li><strong><a rel=\"noreferrer noopener\" aria-label=\"Trois raisons de (re)voir Missing Port\u00e9 disparu (s\u2019ouvre dans un nouvel onglet)\" href=\"https:\/\/www.telerama.fr\/cinema\/trois-raisons-de-re-voir-missing-de-constantin-costa-gavras,149366.php\" target=\"_blank\">Trois raisons de (re)voir Missing Port\u00e9 disparu<\/a><\/strong><\/li><li>Critique sur <strong><a rel=\"noreferrer noopener\" aria-label=\"le blog du cin\u00e9ma (s\u2019ouvre dans un nouvel onglet)\" href=\"https:\/\/www.leblogducinema.com\/actualites\/breves\/critique-missing-1982-839182\/\" target=\"_blank\">le blog du cin\u00e9ma<\/a><\/strong><\/li><li>Sur <strong><a rel=\"noreferrer noopener\" aria-label=\"Lavisqteam (s\u2019ouvre dans un nouvel onglet)\" href=\"http:\/\/www.lavisqteam.fr\/?p=42235\" target=\"_blank\">Lavisqteam<\/a><\/strong><\/li><li><strong><a href=\"http:\/\/www.cinema-histoire-pessac.com\/festival\/films\/missing-porte-disparu\" target=\"_blank\" rel=\"noreferrer noopener\" aria-label=\"Festival international du cin\u00e9ma (s\u2019ouvre dans un nouvel onglet)\">Festival international du cin\u00e9ma<\/a><\/strong><\/li><\/ul>\n\n\n\n<figure class=\"wp-block-embed-youtube wp-block-embed is-type-video is-provider-youtube wp-embed-aspect-16-9 wp-has-aspect-ratio\"><div class=\"wp-block-embed__wrapper\">\n<iframe loading=\"lazy\" title=\"[Bande-annonce HD] MISSING de Costa-Gavras \u2022 Ressortie cin\u00e9ma le 26.10.16\" width=\"780\" height=\"439\" src=\"https:\/\/www.youtube.com\/embed\/c793rRE-flI?feature=oembed\" frameborder=\"0\" allow=\"accelerometer; autoplay; clipboard-write; encrypted-media; gyroscope; picture-in-picture\" allowfullscreen><\/iframe>\n<\/div><\/figure>\n\n\n\n<p>Costa Gavras pr\u00e9sente Missing au cin\u00e9ma Grand Action<\/p>\n\n\n\n<figure class=\"wp-block-embed-youtube wp-block-embed is-type-video is-provider-youtube wp-embed-aspect-16-9 wp-has-aspect-ratio\"><div class=\"wp-block-embed__wrapper\">\n<iframe loading=\"lazy\" title=\"MISSING pr\u00e9sent\u00e9 par COSTA-GAVRAS au Grand Action\" width=\"780\" height=\"439\" src=\"https:\/\/www.youtube.com\/embed\/SSxeom1cmqk?feature=oembed\" frameborder=\"0\" allow=\"accelerometer; autoplay; clipboard-write; encrypted-media; gyroscope; picture-in-picture\" allowfullscreen><\/iframe>\n<\/div><\/figure>\n\n\n\n<ul class=\"wp-block-gallery columns-1 is-cropped wp-block-gallery-1 is-layout-flex wp-block-gallery-is-layout-flex\"><li class=\"blocks-gallery-item\"><figure><img loading=\"lazy\" decoding=\"async\" width=\"598\" height=\"800\" src=\"http:\/\/www.cineclubdubelvedere.fr\/wp-content\/uploads\/2020\/01\/missing-affiche.jpg\" alt=\"\" data-id=\"2026\" data-link=\"http:\/\/www.cineclubdubelvedere.fr\/?attachment_id=2026\" class=\"wp-image-2026\" srcset=\"https:\/\/www.cineclubdubelvedere.fr\/wp-content\/uploads\/2020\/01\/missing-affiche.jpg 598w, https:\/\/www.cineclubdubelvedere.fr\/wp-content\/uploads\/2020\/01\/missing-affiche-224x300.jpg 224w\" sizes=\"auto, (max-width: 598px) 100vw, 598px\" \/><\/figure><\/li><\/ul>\n\n\n\n<h2 class=\"wp-block-heading\"><a href=\"https:\/\/fr.wikipedia.org\/wiki\/Costa-Gavras#Filmographie\" target=\"_blank\" rel=\"noreferrer noopener\" aria-label=\"Filmographie (s\u2019ouvre dans un nouvel onglet)\">Filmographie<\/a> <\/h2>\n","protected":false},"excerpt":{"rendered":"<p>Charles, un journaliste am\u00e9ricain, et sa compagne Beth, se sont install\u00e9s dans la capitale du Chili, Santiago. Cependant, suite au coup d&rsquo;\u00c9tat qui \u00e9clate le 11 septembre 1973, Charles dispara\u00eet brusquement. Son p\u00e8re, un important homme d&rsquo;affaires new-yorkais, vient en aide \u00e0 Beth pour tenter de le retrouver. (Wikipedia) Article de T\u00e9l\u00e9rama Trois raisons de <a class=\"more-link\" href=\"https:\/\/www.cineclubdubelvedere.fr\/?p=1898\">Lire plus &#8230;<\/a><\/p>\n","protected":false},"author":1,"featured_media":1915,"comment_status":"open","ping_status":"open","sticky":false,"template":"","format":"standard","meta":{"footnotes":""},"categories":[8],"tags":[],"class_list":["post-1898","post","type-post","status-publish","format-standard","has-post-thumbnail","hentry","category-archives"],"_links":{"self":[{"href":"https:\/\/www.cineclubdubelvedere.fr\/index.php?rest_route=\/wp\/v2\/posts\/1898","targetHints":{"allow":["GET"]}}],"collection":[{"href":"https:\/\/www.cineclubdubelvedere.fr\/index.php?rest_route=\/wp\/v2\/posts"}],"about":[{"href":"https:\/\/www.cineclubdubelvedere.fr\/index.php?rest_route=\/wp\/v2\/types\/post"}],"author":[{"embeddable":true,"href":"https:\/\/www.cineclubdubelvedere.fr\/index.php?rest_route=\/wp\/v2\/users\/1"}],"replies":[{"embeddable":true,"href":"https:\/\/www.cineclubdubelvedere.fr\/index.php?rest_route=%2Fwp%2Fv2%2Fcomments&post=1898"}],"version-history":[{"count":6,"href":"https:\/\/www.cineclubdubelvedere.fr\/index.php?rest_route=\/wp\/v2\/posts\/1898\/revisions"}],"predecessor-version":[{"id":2029,"href":"https:\/\/www.cineclubdubelvedere.fr\/index.php?rest_route=\/wp\/v2\/posts\/1898\/revisions\/2029"}],"wp:featuredmedia":[{"embeddable":true,"href":"https:\/\/www.cineclubdubelvedere.fr\/index.php?rest_route=\/wp\/v2\/media\/1915"}],"wp:attachment":[{"href":"https:\/\/www.cineclubdubelvedere.fr\/index.php?rest_route=%2Fwp%2Fv2%2Fmedia&parent=1898"}],"wp:term":[{"taxonomy":"category","embeddable":true,"href":"https:\/\/www.cineclubdubelvedere.fr\/index.php?rest_route=%2Fwp%2Fv2%2Fcategories&post=1898"},{"taxonomy":"post_tag","embeddable":true,"href":"https:\/\/www.cineclubdubelvedere.fr\/index.php?rest_route=%2Fwp%2Fv2%2Ftags&post=1898"}],"curies":[{"name":"wp","href":"https:\/\/api.w.org\/{rel}","templated":true}]}}