{"id":2044,"date":"2021-06-28T15:20:21","date_gmt":"2021-06-28T14:20:21","guid":{"rendered":"http:\/\/www.cineclubdubelvedere.fr\/?p=2044"},"modified":"2022-09-02T17:18:23","modified_gmt":"2022-09-02T16:18:23","slug":"reprise-sous-conditions","status":"publish","type":"post","link":"https:\/\/www.cineclubdubelvedere.fr\/?p=2044","title":{"rendered":"Saison 2021-2022, on tourne !"},"content":{"rendered":"\n<p><strong>Le <\/strong><a href=\"http:\/\/www.cineclubdubelvedere.fr\/?page_id=2\"><strong>nouveau programme de la saison 2021-2022<\/strong><\/a> au cin\u00e9club du Belv\u00e9d\u00e8re.<\/p>\n\n\n\n<p style=\"text-align:center\" class=\"has-text-color has-background has-very-light-gray-color has-vivid-red-background-color\"><strong>Attention pass sanitaire indispensable pour entrer !<\/strong><\/p>\n\n\n\n<p>Fran\u00e7oise, Jean-Jacques et Claude, nos tr\u00e8s chers cin\u00e9philes souhaitaient passer le relais de l&rsquo;organisation de notre \u00ab\u00a0cin\u00e9ma de quartier\u00a0\u00bb. Aussi, nous avons fait appel \u00e0  quelques b\u00e9n\u00e9voles pour reprendre le flambeau et organiser la continuit\u00e9 de ce beau projet culturel. <\/p>\n\n\n\n<p>Nous avons donc constituer plusieurs \u00e9quipes<\/p>\n\n\n\n<ul class=\"wp-block-list\"><li> L&rsquo;\u00e9quipe d&rsquo;animation : <ul><li>participer au choix des films \u00e0 projeter et \u00e0 r\u00e9server aupr\u00e8s <a rel=\"noreferrer noopener\" aria-label=\"d'Interfilm (s\u2019ouvre dans un nouvel onglet)\" href=\"https:\/\/cineclubs-interfilm.com\/catalogues\/\" target=\"_blank\"><strong>d&rsquo;Interfilm<\/strong><\/a><\/li><li>animer le d\u00e9bat lors de la projection.<\/li><li>r\u00e9aliser un court texte de pr\u00e9sentation pour le site web et le flyer distribu\u00e9 en d\u00e9but de s\u00e9ance<\/li><\/ul><\/li><li>L&rsquo;\u00e9quipe de communication :<ul><li>r\u00e9aliser l&rsquo;affiche pour les diff\u00e9rents lieux dans la commune<\/li><li>r\u00e9cup\u00e9rer les affiches \u00e0 l&rsquo;office de tourisme pour les placer dans les lieux d&rsquo;affichage convenus.<\/li><\/ul><\/li><li>L&rsquo;\u00e9quipe technique : <ul><li>accueil et tenue de la caisse le soir de la projection , Pass sanitaire&#8230;<\/li><li>s&rsquo;assurer que la r\u00e9gie soit op\u00e9rationnelle (DVD, vid\u00e9oprojecteur, son, version VOST&#8230;)<\/li><li>accueil en salle <\/li><\/ul><\/li><\/ul>\n\n\n\n<p>Merci de contacter Thierry Duch\u00eane par <a href=\"mailto:tduchene@free.fr\"><strong>mail<\/strong><\/a> si vous \u00eates int\u00e9ress\u00e9(e) par ce projet ou directement l&rsquo;Office du Tourisme d&rsquo;Uriage au 04 76 89 10 27.<\/p>\n\n\n\n<pre class=\"wp-block-preformatted\"><br><\/pre>\n\n\n\n<p class=\"has-text-color has-background has-very-light-gray-color has-vivid-red-background-color\">Comme pour toute salle de cin\u00e9ma, le <strong>pass sanitaire<\/strong> est n\u00e9cessaire pour acc\u00e9der \u00e0 la salle du Belv\u00e9d\u00e8re. Merci de pr\u00e9senter le v\u00f4tre \u00e0 l&rsquo;entr\u00e9e du cin\u00e9ma \u00e0 la personne charg\u00e9e de cette v\u00e9rification. Toute personne sans ce passe se verra malheureusement refuser l&rsquo;entr\u00e9e. <br>Pensez donc bien \u00e0 le pr\u00e9senter (smartphone ou document papier). Merci<\/p>\n","protected":false},"excerpt":{"rendered":"<p>Le nouveau programme de la saison 2021-2022 au cin\u00e9club du Belv\u00e9d\u00e8re. Attention pass sanitaire indispensable pour entrer ! Fran\u00e7oise, Jean-Jacques et Claude, nos tr\u00e8s chers cin\u00e9philes souhaitaient passer le relais de l&rsquo;organisation de notre \u00ab\u00a0cin\u00e9ma de quartier\u00a0\u00bb. Aussi, nous avons fait appel \u00e0 quelques b\u00e9n\u00e9voles pour reprendre le flambeau et organiser la continuit\u00e9 de ce <a class=\"more-link\" href=\"https:\/\/www.cineclubdubelvedere.fr\/?p=2044\">Lire plus &#8230;<\/a><\/p>\n","protected":false},"author":1,"featured_media":2045,"comment_status":"open","ping_status":"open","sticky":false,"template":"","format":"standard","meta":{"footnotes":""},"categories":[8],"tags":[],"class_list":["post-2044","post","type-post","status-publish","format-standard","has-post-thumbnail","hentry","category-archives"],"_links":{"self":[{"href":"https:\/\/www.cineclubdubelvedere.fr\/index.php?rest_route=\/wp\/v2\/posts\/2044","targetHints":{"allow":["GET"]}}],"collection":[{"href":"https:\/\/www.cineclubdubelvedere.fr\/index.php?rest_route=\/wp\/v2\/posts"}],"about":[{"href":"https:\/\/www.cineclubdubelvedere.fr\/index.php?rest_route=\/wp\/v2\/types\/post"}],"author":[{"embeddable":true,"href":"https:\/\/www.cineclubdubelvedere.fr\/index.php?rest_route=\/wp\/v2\/users\/1"}],"replies":[{"embeddable":true,"href":"https:\/\/www.cineclubdubelvedere.fr\/index.php?rest_route=%2Fwp%2Fv2%2Fcomments&post=2044"}],"version-history":[{"count":15,"href":"https:\/\/www.cineclubdubelvedere.fr\/index.php?rest_route=\/wp\/v2\/posts\/2044\/revisions"}],"predecessor-version":[{"id":2125,"href":"https:\/\/www.cineclubdubelvedere.fr\/index.php?rest_route=\/wp\/v2\/posts\/2044\/revisions\/2125"}],"wp:featuredmedia":[{"embeddable":true,"href":"https:\/\/www.cineclubdubelvedere.fr\/index.php?rest_route=\/wp\/v2\/media\/2045"}],"wp:attachment":[{"href":"https:\/\/www.cineclubdubelvedere.fr\/index.php?rest_route=%2Fwp%2Fv2%2Fmedia&parent=2044"}],"wp:term":[{"taxonomy":"category","embeddable":true,"href":"https:\/\/www.cineclubdubelvedere.fr\/index.php?rest_route=%2Fwp%2Fv2%2Fcategories&post=2044"},{"taxonomy":"post_tag","embeddable":true,"href":"https:\/\/www.cineclubdubelvedere.fr\/index.php?rest_route=%2Fwp%2Fv2%2Ftags&post=2044"}],"curies":[{"name":"wp","href":"https:\/\/api.w.org\/{rel}","templated":true}]}}