{"id":2079,"date":"2021-06-28T14:40:51","date_gmt":"2021-06-28T13:40:51","guid":{"rendered":"http:\/\/www.cineclubdubelvedere.fr\/?p=2079"},"modified":"2022-09-02T17:18:49","modified_gmt":"2022-09-02T16:18:49","slug":"le-bonheur-demma-mardi-9-novembre","status":"publish","type":"post","link":"https:\/\/www.cineclubdubelvedere.fr\/?p=2079","title":{"rendered":"Le bonheur d&rsquo;Emma &#8211; mardi 9 novembre"},"content":{"rendered":"\n<p>Pr\u00e9sent\u00e9 par Cathy Perdriaud<\/p>\n\n\n\n<p>Un homme et une femme, deux c\u0153urs solitaires. Une jeune femme sauvage, entour\u00e9e de ses animaux, dans une ferme d\u2019un village d\u2019Allemagne. Un jeune homme condamn\u00e9 par un cancer, dont la route va croiser celle de la fermi\u00e8re. Une paire de personnages belle et touchante, qui fa\u00e7onne une vraie romance, simple et \u00e9vidente&#8230;&nbsp;(<a rel=\"noreferrer noopener\" aria-label=\"Critikat (s\u2019ouvre dans un nouvel onglet)\" href=\"https:\/\/www.critikat.com\/actualite-cine\/critique\/le-bonheur-d-emma\/\" target=\"_blank\">Critikat<\/a>)LE BONHEUR EST DANS LA FERME&nbsp;par&nbsp;Sarah Elka\u00efm<\/p>\n\n\n\n<figure class=\"wp-block-embed-dailymotion wp-block-embed is-type-video is-provider-dailymotion wp-embed-aspect-4-3 wp-has-aspect-ratio\"><div class=\"wp-block-embed__wrapper\">\n<iframe loading=\"lazy\" title=\"LE BONHEUR D&#039;EMMA - Bande-annonce VO\" frameborder=\"0\" width=\"780\" height=\"585\" src=\"https:\/\/www.dailymotion.com\/embed\/video\/xpxzxx\" allowfullscreen allow=\"autoplay\"><\/iframe>\n<\/div><figcaption>Bande-annonce<\/figcaption><\/figure>\n\n\n\n<ul class=\"wp-block-list\"><li>Le Bonheur d\u2019Emma (<em>Emmas Gl\u00fcck<\/em>)<\/li><li>Allemagne 2006<\/li><li>R\u00e9alisation :&nbsp;<a href=\"https:\/\/www.critikat.com\/realisateurs\/taddicken_sven\/\">Sven Taddicken<\/a><br>Sc\u00e9nario : Claudia Schreiber, Ruth Toma<br>d&rsquo;apr\u00e8s le roman&nbsp;<em>Les Amis d&rsquo;Emma <\/em>de Claudia Schreiber<br>Image : Daniela Knapp<br>Montage : Andreas Wodraschke<br>Musique : Christoph Blaser, Steffen Kahles<br>Producteur(s) : Ralph Schwingel, Stefan Schubert, Hejo Emons<br>Interpr\u00e9tation : J\u00f6rdis Triebel (Emma), J\u00fcrgen Vogel (Max), Hinnerk Sch\u00f6nemann (Hans), Karin Neuh\u00e4user (Lene), Nina Petri (Dagmar), Arved Birnaum (Karl)<br>Distributeur : Jour2F\u00eate<br>Date de sortie : 13 juin 2007<br>Dur\u00e9e : 1h34<\/li><\/ul>\n\n\n\n<p><a href=\"https:\/\/www.premiere.fr\/film\/Le-Bonheur-d-Emma#\" target=\"_blank\" rel=\"noreferrer noopener\" aria-label=\"Premi\u00e8re (s\u2019ouvre dans un nouvel onglet)\">Premi\u00e8re<\/a><\/p>\n\n\n\n<figure class=\"wp-block-image\"><img decoding=\"async\" src=\"http:\/\/www.cineclubdubelvedere.fr\/wp-content\/uploads\/2021\/10\/Le-Bonheur-D-Emma.jpg\" alt=\"\" class=\"wp-image-2155\"\/><\/figure>\n\n\n\n<p>&nbsp;<a href=\"https:\/\/www.critikat.com\/author\/sarahelkaim\/\"><\/a><\/p>\n","protected":false},"excerpt":{"rendered":"<p>Pr\u00e9sent\u00e9 par Cathy Perdriaud Un homme et une femme, deux c\u0153urs solitaires. Une jeune femme sauvage, entour\u00e9e de ses animaux, dans une ferme d\u2019un village d\u2019Allemagne. Un jeune homme condamn\u00e9 par un cancer, dont la route va croiser celle de la fermi\u00e8re. Une paire de personnages belle et touchante, qui fa\u00e7onne une vraie romance, simple <a class=\"more-link\" href=\"https:\/\/www.cineclubdubelvedere.fr\/?p=2079\">Lire plus &#8230;<\/a><\/p>\n","protected":false},"author":1,"featured_media":2158,"comment_status":"open","ping_status":"open","sticky":false,"template":"","format":"standard","meta":{"footnotes":""},"categories":[8],"tags":[],"class_list":["post-2079","post","type-post","status-publish","format-standard","has-post-thumbnail","hentry","category-archives"],"_links":{"self":[{"href":"https:\/\/www.cineclubdubelvedere.fr\/index.php?rest_route=\/wp\/v2\/posts\/2079","targetHints":{"allow":["GET"]}}],"collection":[{"href":"https:\/\/www.cineclubdubelvedere.fr\/index.php?rest_route=\/wp\/v2\/posts"}],"about":[{"href":"https:\/\/www.cineclubdubelvedere.fr\/index.php?rest_route=\/wp\/v2\/types\/post"}],"author":[{"embeddable":true,"href":"https:\/\/www.cineclubdubelvedere.fr\/index.php?rest_route=\/wp\/v2\/users\/1"}],"replies":[{"embeddable":true,"href":"https:\/\/www.cineclubdubelvedere.fr\/index.php?rest_route=%2Fwp%2Fv2%2Fcomments&post=2079"}],"version-history":[{"count":7,"href":"https:\/\/www.cineclubdubelvedere.fr\/index.php?rest_route=\/wp\/v2\/posts\/2079\/revisions"}],"predecessor-version":[{"id":2159,"href":"https:\/\/www.cineclubdubelvedere.fr\/index.php?rest_route=\/wp\/v2\/posts\/2079\/revisions\/2159"}],"wp:featuredmedia":[{"embeddable":true,"href":"https:\/\/www.cineclubdubelvedere.fr\/index.php?rest_route=\/wp\/v2\/media\/2158"}],"wp:attachment":[{"href":"https:\/\/www.cineclubdubelvedere.fr\/index.php?rest_route=%2Fwp%2Fv2%2Fmedia&parent=2079"}],"wp:term":[{"taxonomy":"category","embeddable":true,"href":"https:\/\/www.cineclubdubelvedere.fr\/index.php?rest_route=%2Fwp%2Fv2%2Fcategories&post=2079"},{"taxonomy":"post_tag","embeddable":true,"href":"https:\/\/www.cineclubdubelvedere.fr\/index.php?rest_route=%2Fwp%2Fv2%2Ftags&post=2079"}],"curies":[{"name":"wp","href":"https:\/\/api.w.org\/{rel}","templated":true}]}}