{"id":2297,"date":"2022-09-02T11:50:00","date_gmt":"2022-09-02T10:50:00","guid":{"rendered":"http:\/\/www.cineclubdubelvedere.fr\/?p=2297"},"modified":"2023-10-05T09:22:10","modified_gmt":"2023-10-05T08:22:10","slug":"el-reino","status":"publish","type":"post","link":"https:\/\/www.cineclubdubelvedere.fr\/?p=2297","title":{"rendered":"El Reino"},"content":{"rendered":"\n<p>Mardi 28 f\u00e9vrier 2023 &#8211; 20h30<\/p>\n\n\n\n<p><em><strong>El reino<\/strong><\/em> est un <a href=\"https:\/\/fr.wikipedia.org\/wiki\/Cin%C3%A9ma_espagnol\">film espagnol<\/a> r\u00e9alis\u00e9 par <a href=\"https:\/\/fr.wikipedia.org\/wiki\/Rodrigo_Sorogoyen\">Rodrigo Sorogoyen<\/a>, sorti en <a href=\"https:\/\/fr.wikipedia.org\/wiki\/2018_au_cin%C3%A9ma\">2018<\/a>.<\/p>\n\n\n\n<p>Manuel L\u00f3pez Vidal est un homme politique influent \u00e0 l&rsquo;avenir prometteur. Mais son implication dans une affaire de corruption vient remettre en cause sa r\u00e9putation. Pr\u00eat \u00e0 tout pour conserver sa place montante au sein de son parti, il va tr\u00e8s vite plonger dans une spirale infernale. (<a href=\"https:\/\/fr.wikipedia.org\/wiki\/El_reino\" target=\"_blank\" rel=\"noreferrer noopener\">Wikipedia<\/a>)<\/p>\n\n\n\n<figure class=\"wp-block-embed is-type-video is-provider-youtube wp-block-embed-youtube wp-embed-aspect-16-9 wp-has-aspect-ratio\"><div class=\"wp-block-embed__wrapper\">\n<iframe loading=\"lazy\" title=\"EL REINO Bande Annonce (2019) Policier\" width=\"780\" height=\"439\" src=\"https:\/\/www.youtube.com\/embed\/gzAdPPHbbX4?feature=oembed\" frameborder=\"0\" allow=\"accelerometer; autoplay; clipboard-write; encrypted-media; gyroscope; picture-in-picture; web-share\" allowfullscreen><\/iframe>\n<\/div><\/figure>\n\n\n\n<p>Critique sur <a href=\"https:\/\/www.telerama.fr\/cinema\/films\/el-reino,n5621010.php\" target=\"_blank\" rel=\"noreferrer noopener\">T\u00e9l\u00e9rama<\/a> (abonn\u00e9s)<\/p>\n\n\n\n<hr class=\"wp-block-separator has-alpha-channel-opacity\"\/>\n\n\n\n<p>EL REINO (Le r\u00e8gne), Rodrigo Sorogoyen<\/p>\n\n\n\n<p>Le h\u00e9ros du film est un homme politique impliqu\u00e9 dans des man\u0153uvres louches que son parti veut exploiter en bouc \u00e9missaire.<\/p>\n\n\n\n<p>\u00ab&nbsp;Un cri de col\u00e8re, un sermon politique&nbsp;\u00bb pour son r\u00e9alisateur Rodrigo Sorogoyen ! V\u00e9ritable narration cr\u00e9ative qui \u00e9volue au cours du film jusqu\u2019\u00e0 des sc\u00e8nes de terreur. Un film qui explore les recoins les plus t\u00e9n\u00e9breux de l\u2019\u00e2me humaine. Le r\u00e9alisateur surfe sur la v\u00e9ritable fascination n\u00e9gative des espagnols pour les personnages des scandales\u2026<\/p>\n\n\n\n<p>2018 Grand gagnant des derniers Goya (les C\u00e9sar espagnols) avec sept troph\u00e9es.<\/p>\n\n\n\n<p>film de Rodrigo Sorogoyen r\u00e9alisateur, sc\u00e9nariste, cr\u00e9ateur espagnol n\u00e9 en 1961, 13 ans de carri\u00e8re, dipl\u00f4m\u00e9 de l\u2019\u00c9cole de cin\u00e9matographie de la Communaut\u00e9 de Madrid (ECAM), et sp\u00e9cialis\u00e9 dans l\u2019\u00e9criture de sc\u00e9narii. En 2011, il cr\u00e9e Caballo Films et \u2013 port\u00e9 par des financements participatifs \u2013 r\u00e9alise Stockholm. Le film s\u2019impose comme l\u2019un des meilleurs de l\u2019ann\u00e9e 2013 en Espagne.<\/p>\n\n\n\n<p>(2013 Stockholm, 2016 Que dios nos perdone, 2016 Madre, 2018 El Reino, 2020 s\u00e9rie Antidisturbios).<\/p>\n\n\n\n<p>Un thriller politique haletant qui nous plonge dans la corruption massive et institutionnalis\u00e9e du monde politique qui \u00e9branle l\u2019Espagne depuis les ann\u00e9es 2000. Se r\u00e9f\u00e8re au premier \u00e9pisode de scandale qui \u00e9clate au grand jour en 2009 et dont l\u2019ensemble est ensuite largement repris par la presse \u00e0 partir de 2015 \u00e0 l\u2019occasion de nombreux proc\u00e8s. Le r\u00e9alisateur s\u2019inspire de personnages et de faits r\u00e9els en particulier l\u2019affaire \u00ab&nbsp;G\u00fcrtel\u00bb (jeu de mot \u00abCorrea*\u00bb, signifie \u00abcourroie\u00bb en espagnol, ou \u00abG\u00fcrtel\u00bb en allemand) qui relate un syst\u00e8me de versements de pots-de-vin \u00e0 des \u00e9lus PP en \u00e9change de juteux contrats publics entre&nbsp;1999 et&nbsp;2005, dans diff\u00e9rentes r\u00e9gions. Sans les citer, il fait en effet allusion aux affaires tentaculaires de financement ill\u00e9gal du Parti Populaire (PP) entre 2011 et 2018 (leader Marinao Rajoy) et pr\u00e9c\u00e9demment Jos\u00e9 Maria Aznar premier ministre entre 1996 et 2004.<\/p>\n\n\n\n<p>*Francisco Correa a \u00e9t\u00e9 condamn\u00e9 \u00e0 51 ans de prison par les magistrats de l\u2019Audience nationale. L\u2019autre grand accus\u00e9 est Luis Barcenas, l\u2019ancien tr\u00e9sorier du PP, condamn\u00e9 \u00e0 33 ans de prison et au remboursement de 44 millions d\u2019euros. Au total : 29 condamn\u00e9s, pour un total de 351 ann\u00e9es de prison.&nbsp;<\/p>\n\n\n\n<p>Analyse et r\u00e9flexion sur la politique occidentale, un film engag\u00e9 qui parle des codes moraux et des limites de l\u2019humain. Rodrigo Sorogoyen se dit attach\u00e9 au parti-pris de ne pas faire un film id\u00e9ologique qui serait mal re\u00e7u (h\u00e9ritage de la guerre civile) dans le contexte des scandales qui secouent l\u2019Espagne. Le protagoniste Manuel Lopez Vidal, incarn\u00e9 par le grand acteur Antonio de la Torre, que l\u2019on suit dans tout le film est charismatique, bon p\u00e8re de famille, et un citoyen qui est pourtant corruptible accus\u00e9 d\u2019escroquerie, de trafic d\u2019influence, de fraude en tant que premier b\u00e9n\u00e9ficiaire d\u2019un d\u00e9tournement de fond europ\u00e9en (ex : requalification de terrains en sol urbain vendu un prix 100 fois plus \u00e9lev\u00e9), subornation r\u00e9currente, malversation , tout cela avec une bande d\u2019amis impliqu\u00e9s au niveau r\u00e9gional et visant des postes de pouvoir comme celui de premier ministre.<br>Direction d\u2019acteurs tr\u00e8s appliqu\u00e9e : beaucoup de r\u00e9p\u00e9titions, d\u2019improvisateurs pour donner du rythme : nombreux acteurs car le choix est de faire interagir beaucoup de personnes du parti, de la soci\u00e9t\u00e9 civile, d\u2019entrepreneurs (m\u00e9dias, banques, compagnie d\u2019\u00e9lectricit\u00e9, laboratoires, construction, etc), de familles\u2026 Beaucoup d\u2019objets d\u2019\u00e9poque ont \u00e9t\u00e9 glan\u00e9s pour figurer dans les plans de coupe, les gros plans et tr\u00e8s gros plans (souvent coup\u00e9s).<\/p>\n\n\n\n<p>Le film se d\u00e9roule dans trois lieux : la communaut\u00e9 autonome* de Valence, de Madrid et en Andorre<\/p>\n\n\n\n<p>(cf.17 communaut\u00e9s autonomes espagnoles qui chacune assure la gouvernance de leur r\u00e9gion).<\/p>\n\n\n\n<p>Les personnages passent d\u2019un lieu \u00e0 l\u2019autre, lieux de passage propices aux sc\u00e8nes de poursuite se r\u00e9sumant parfois \u00e0 des abstractions. Rodrigo Sorogoyen nous entra\u00eene dans un tourbillon, dans un labyrinthe. La musique d\u2019<a href=\"http:\/\/olivierarson.com\/\" target=\"_blank\" rel=\"noreferrer noopener\">Olivier Arson<\/a> et le son techno, modul\u00e9 comme le battement d\u2019un c\u0153ur, acc\u00e9l\u00e8re les traques, nous am\u00e8ne dans des endroits dangereux. Ils forment au fil du temps un leitmotiv qui rend de plus en plus nerveux, donnant de l\u2019\u00e9motion et du stress qui met en relief la fuite continuelle jusqu\u2019au des-crescendo final.<\/p>\n\n\n\n<p><em>Genevi\u00e8ve Troyes<\/em><\/p>\n","protected":false},"excerpt":{"rendered":"<p>Mardi 28 f\u00e9vrier 2023 &#8211; 20h30 El reino est un film espagnol r\u00e9alis\u00e9 par Rodrigo Sorogoyen, sorti en 2018. Manuel L\u00f3pez Vidal est un homme politique influent \u00e0 l&rsquo;avenir prometteur. Mais son implication dans une affaire de corruption vient remettre en cause sa r\u00e9putation. Pr\u00eat \u00e0 tout pour conserver sa place montante au sein de <a class=\"more-link\" href=\"https:\/\/www.cineclubdubelvedere.fr\/?p=2297\">Lire plus &#8230;<\/a><\/p>\n","protected":false},"author":1,"featured_media":2413,"comment_status":"open","ping_status":"open","sticky":false,"template":"","format":"standard","meta":{"footnotes":""},"categories":[8],"tags":[],"class_list":["post-2297","post","type-post","status-publish","format-standard","has-post-thumbnail","hentry","category-archives"],"_links":{"self":[{"href":"https:\/\/www.cineclubdubelvedere.fr\/index.php?rest_route=\/wp\/v2\/posts\/2297","targetHints":{"allow":["GET"]}}],"collection":[{"href":"https:\/\/www.cineclubdubelvedere.fr\/index.php?rest_route=\/wp\/v2\/posts"}],"about":[{"href":"https:\/\/www.cineclubdubelvedere.fr\/index.php?rest_route=\/wp\/v2\/types\/post"}],"author":[{"embeddable":true,"href":"https:\/\/www.cineclubdubelvedere.fr\/index.php?rest_route=\/wp\/v2\/users\/1"}],"replies":[{"embeddable":true,"href":"https:\/\/www.cineclubdubelvedere.fr\/index.php?rest_route=%2Fwp%2Fv2%2Fcomments&post=2297"}],"version-history":[{"count":4,"href":"https:\/\/www.cineclubdubelvedere.fr\/index.php?rest_route=\/wp\/v2\/posts\/2297\/revisions"}],"predecessor-version":[{"id":2439,"href":"https:\/\/www.cineclubdubelvedere.fr\/index.php?rest_route=\/wp\/v2\/posts\/2297\/revisions\/2439"}],"wp:featuredmedia":[{"embeddable":true,"href":"https:\/\/www.cineclubdubelvedere.fr\/index.php?rest_route=\/wp\/v2\/media\/2413"}],"wp:attachment":[{"href":"https:\/\/www.cineclubdubelvedere.fr\/index.php?rest_route=%2Fwp%2Fv2%2Fmedia&parent=2297"}],"wp:term":[{"taxonomy":"category","embeddable":true,"href":"https:\/\/www.cineclubdubelvedere.fr\/index.php?rest_route=%2Fwp%2Fv2%2Fcategories&post=2297"},{"taxonomy":"post_tag","embeddable":true,"href":"https:\/\/www.cineclubdubelvedere.fr\/index.php?rest_route=%2Fwp%2Fv2%2Ftags&post=2297"}],"curies":[{"name":"wp","href":"https:\/\/api.w.org\/{rel}","templated":true}]}}