{"id":2301,"date":"2022-09-02T11:30:39","date_gmt":"2022-09-02T10:30:39","guid":{"rendered":"http:\/\/www.cineclubdubelvedere.fr\/?p=2301"},"modified":"2023-10-05T09:22:23","modified_gmt":"2023-10-05T08:22:23","slug":"les-amours-dune-blonde","status":"publish","type":"post","link":"https:\/\/www.cineclubdubelvedere.fr\/?p=2301","title":{"rendered":"Les amours d&rsquo;une blonde"},"content":{"rendered":"\n<p>Mardi 4 avril 2023 &#8211; 20h30<\/p>\n\n\n\n<hr class=\"wp-block-separator has-alpha-channel-opacity\"\/>\n\n\n\n<p>1965&nbsp;&nbsp; 90mn de&nbsp;&nbsp;<em>Milos Forman<\/em><\/p>\n\n\n\n<p>Second des trois longs m\u00e9trages de Milos Forman r\u00e9alis\u00e9s en Tch\u00e9coslovaquie,&nbsp;<em><a href=\"https:\/\/fr.wikipedia.org\/wiki\/Les_Amours_d%27une_blonde\" target=\"_blank\" rel=\"noreferrer noopener\">Les Amours<\/a><a href=\"https:\/\/fr.wikipedia.org\/wiki\/Les_Amours_d%27une_blonde\"> d&rsquo;une Blonde<\/a><\/em>&nbsp;pose un regard ac\u00e9r\u00e9 et cruellement dr\u00f4le,quasi documentaire sur les d\u00e9sirs et les frustrations d&rsquo; une jeunesse \u00e0 l&rsquo;horizon incertain.<\/p>\n\n\n\n<figure class=\"wp-block-gallery has-nested-images columns-default is-cropped wp-block-gallery-1 is-layout-flex wp-block-gallery-is-layout-flex\">\n<figure class=\"wp-block-image size-large\"><img loading=\"lazy\" decoding=\"async\" width=\"625\" height=\"477\" data-id=\"2453\" src=\"http:\/\/www.cineclubdubelvedere.fr\/wp-content\/uploads\/2022\/09\/Blonde-4.png\" alt=\"\" class=\"wp-image-2453\" srcset=\"https:\/\/www.cineclubdubelvedere.fr\/wp-content\/uploads\/2022\/09\/Blonde-4.png 625w, https:\/\/www.cineclubdubelvedere.fr\/wp-content\/uploads\/2022\/09\/Blonde-4-300x229.png 300w\" sizes=\"auto, (max-width: 625px) 100vw, 625px\" \/><\/figure>\n\n\n\n<figure class=\"wp-block-image size-large\"><img loading=\"lazy\" decoding=\"async\" width=\"1024\" height=\"744\" data-id=\"2454\" src=\"http:\/\/www.cineclubdubelvedere.fr\/wp-content\/uploads\/2022\/09\/blonde-5-1024x744.jpg\" alt=\"\" class=\"wp-image-2454\" srcset=\"https:\/\/www.cineclubdubelvedere.fr\/wp-content\/uploads\/2022\/09\/blonde-5-1024x744.jpg 1024w, https:\/\/www.cineclubdubelvedere.fr\/wp-content\/uploads\/2022\/09\/blonde-5-300x218.jpg 300w, https:\/\/www.cineclubdubelvedere.fr\/wp-content\/uploads\/2022\/09\/blonde-5-768x558.jpg 768w, https:\/\/www.cineclubdubelvedere.fr\/wp-content\/uploads\/2022\/09\/blonde-5.jpg 1479w\" sizes=\"auto, (max-width: 1024px) 100vw, 1024px\" \/><\/figure>\n\n\n\n<figure class=\"wp-block-image size-large\"><img loading=\"lazy\" decoding=\"async\" width=\"1024\" height=\"576\" data-id=\"2452\" src=\"http:\/\/www.cineclubdubelvedere.fr\/wp-content\/uploads\/2022\/09\/blonde-3-1024x576.jpg\" alt=\"\" class=\"wp-image-2452\" srcset=\"https:\/\/www.cineclubdubelvedere.fr\/wp-content\/uploads\/2022\/09\/blonde-3-1024x576.jpg 1024w, https:\/\/www.cineclubdubelvedere.fr\/wp-content\/uploads\/2022\/09\/blonde-3-300x169.jpg 300w, https:\/\/www.cineclubdubelvedere.fr\/wp-content\/uploads\/2022\/09\/blonde-3-768x432.jpg 768w, https:\/\/www.cineclubdubelvedere.fr\/wp-content\/uploads\/2022\/09\/blonde-3-350x197.jpg 350w, https:\/\/www.cineclubdubelvedere.fr\/wp-content\/uploads\/2022\/09\/blonde-3-528x297.jpg 528w, https:\/\/www.cineclubdubelvedere.fr\/wp-content\/uploads\/2022\/09\/blonde-3-860x484.jpg 860w, https:\/\/www.cineclubdubelvedere.fr\/wp-content\/uploads\/2022\/09\/blonde-3.jpg 1280w\" sizes=\"auto, (max-width: 1024px) 100vw, 1024px\" \/><\/figure>\n\n\n\n<figure class=\"wp-block-image size-large\"><img loading=\"lazy\" decoding=\"async\" width=\"1024\" height=\"640\" data-id=\"2451\" src=\"http:\/\/www.cineclubdubelvedere.fr\/wp-content\/uploads\/2022\/09\/blonde-2.png\" alt=\"\" class=\"wp-image-2451\" srcset=\"https:\/\/www.cineclubdubelvedere.fr\/wp-content\/uploads\/2022\/09\/blonde-2.png 1024w, https:\/\/www.cineclubdubelvedere.fr\/wp-content\/uploads\/2022\/09\/blonde-2-300x188.png 300w, https:\/\/www.cineclubdubelvedere.fr\/wp-content\/uploads\/2022\/09\/blonde-2-768x480.png 768w\" sizes=\"auto, (max-width: 1024px) 100vw, 1024px\" \/><\/figure>\n<\/figure>\n\n\n\n<p>Dans une intrigue apparemment banale, Milo\u0161 Forman raconte un \u00e9pisode de la vie d&rsquo;une jeune et na\u00efve \u00e9tudiante d&rsquo;un pensionnat pour filles, s\u00e9duite par le pianiste Milda dans un bal municipal. Apr\u00e8s une nuit pass\u00e9e ensemble, la jeune fille se rend \u00e0 Prague avec sa valise pour revoir le gar\u00e7on. Elle se rend compte, trop tard, que personne ne l&rsquo;attend dans la grande ville. L&rsquo;histoire douce-am\u00e8re de la simple Andula montre sans aucun d\u00e9tour les absurdit\u00e9s tragi-comiques du socialisme dans les ann\u00e9es 1960 et les conditions de vie des jeunes dans la Tch\u00e9coslovaquie communiste. En m\u00eame temps, le film offre un regard pr\u00e9cautionneux sur les \u00e2mes fragiles des jeunes post-pub\u00e8res et sur les r\u00e9actions impuissantes de leurs parents, qui sont identiques dans le monde entier. <a href=\"https:\/\/www.trigon-film.org\/fr\/movies\/Loves_of_a_Blond\" target=\"_blank\" rel=\"noreferrer noopener\">Trigon-films<\/a><\/p>\n\n\n\n<p>Milos Forman est un r\u00e9alisateur d&rsquo;origine tch\u00e8que n\u00e9 le 18 f\u00e9vrier 1932 \u00e0 \u010c\u00e1slav (Tch\u00e9coslovaquie) et mort le 13 avril 2018 \u00e0 Danbury (Connecticut, \u00c9tats-Unis) <a href=\"https:\/\/fr.wikipedia.org\/wiki\/Milo%C5%A1_Forman\" target=\"_blank\" rel=\"noreferrer noopener\">Wikip\u00e9dia<\/a><\/p>\n\n\n\n<figure class=\"wp-block-gallery has-nested-images columns-default is-cropped wp-block-gallery-2 is-layout-flex wp-block-gallery-is-layout-flex\">\n<figure class=\"wp-block-image size-large\"><img loading=\"lazy\" decoding=\"async\" width=\"1024\" height=\"694\" data-id=\"2457\" src=\"http:\/\/www.cineclubdubelvedere.fr\/wp-content\/uploads\/2022\/09\/forman02-1024x694.webp\" alt=\"\" class=\"wp-image-2457\" srcset=\"https:\/\/www.cineclubdubelvedere.fr\/wp-content\/uploads\/2022\/09\/forman02-1024x694.webp 1024w, https:\/\/www.cineclubdubelvedere.fr\/wp-content\/uploads\/2022\/09\/forman02-300x203.webp 300w, https:\/\/www.cineclubdubelvedere.fr\/wp-content\/uploads\/2022\/09\/forman02-768x520.webp 768w, https:\/\/www.cineclubdubelvedere.fr\/wp-content\/uploads\/2022\/09\/forman02.webp 1200w\" sizes=\"auto, (max-width: 1024px) 100vw, 1024px\" \/><\/figure>\n\n\n\n<figure class=\"wp-block-image size-large\"><img loading=\"lazy\" decoding=\"async\" width=\"1024\" height=\"1024\" data-id=\"2456\" src=\"http:\/\/www.cineclubdubelvedere.fr\/wp-content\/uploads\/2022\/09\/forman-1024x1024.jpg\" alt=\"\" class=\"wp-image-2456\" srcset=\"https:\/\/www.cineclubdubelvedere.fr\/wp-content\/uploads\/2022\/09\/forman-1024x1024.jpg 1024w, https:\/\/www.cineclubdubelvedere.fr\/wp-content\/uploads\/2022\/09\/forman-300x300.jpg 300w, https:\/\/www.cineclubdubelvedere.fr\/wp-content\/uploads\/2022\/09\/forman-150x150.jpg 150w, https:\/\/www.cineclubdubelvedere.fr\/wp-content\/uploads\/2022\/09\/forman-768x768.jpg 768w, https:\/\/www.cineclubdubelvedere.fr\/wp-content\/uploads\/2022\/09\/forman-1536x1536.jpg 1536w, https:\/\/www.cineclubdubelvedere.fr\/wp-content\/uploads\/2022\/09\/forman-200x200.jpg 200w, https:\/\/www.cineclubdubelvedere.fr\/wp-content\/uploads\/2022\/09\/forman-100x100.jpg 100w, https:\/\/www.cineclubdubelvedere.fr\/wp-content\/uploads\/2022\/09\/forman-40x40.jpg 40w, https:\/\/www.cineclubdubelvedere.fr\/wp-content\/uploads\/2022\/09\/forman-45x45.jpg 45w, https:\/\/www.cineclubdubelvedere.fr\/wp-content\/uploads\/2022\/09\/forman.jpg 1920w\" sizes=\"auto, (max-width: 1024px) 100vw, 1024px\" \/><\/figure>\n<\/figure>\n\n\n\n<p><a href=\"https:\/\/www-villagepreservation-org.translate.goog\/2021\/02\/18\/director-milos-formans-life-takes-us-from-west-to-east-village-and-back-again\/?_x_tr_sl=auto&amp;_x_tr_tl=fr&amp;_x_tr_hl=fr&amp;_x_tr_pto=wapp\" target=\"_blank\" rel=\"noreferrer noopener\">La vie du r\u00e9alisateur<\/a><\/p>\n\n\n\n<p>Questions \u00e0 Milos Forman (<a href=\"https:\/\/www.telerama.fr\/cinema\/questionnaire-forman,47226.php\">T\u00e9l\u00e9rama<\/a>)<\/p>\n\n\n\n<p>R\u00e9trospective de la <a rel=\"noreferrer noopener\" href=\"https:\/\/www.cinematheque.fr\/cycle\/milos-forman-403.html\" target=\"_blank\">cin\u00e9math\u00e8que<\/a> en 2017<\/p>\n\n\n\n<blockquote class=\"wp-block-quote is-layout-flow wp-block-quote-is-layout-flow\">\n<h1 class=\"wp-block-heading\" id=\"lescheminsdelalibert\">Les chemins de la libert\u00e9<\/h1>\n\n\n\n<p><em>Vol au-dessus d&rsquo;un nid de coucou<\/em>, <em>Hair<\/em>, <em>Amadeus<\/em>&#8230; Qui ne conna\u00eet Milos Forman, sinon l&rsquo;homme du moins ses films&nbsp;? Mais davantage certains de ses films que l&rsquo;\u0153uvre tout enti\u00e8re, d&rsquo;une rare coh\u00e9rence par-del\u00e0 les accidents d&rsquo;une vie. Qui, jusqu&rsquo;\u00e0 r\u00e9cemment, a vraiment pris en compte <em>Taking Off<\/em>&nbsp;? Qui a vu <em>Ragtime<\/em> sur grand \u00e9cran ces derni\u00e8res ann\u00e9es&nbsp;? A-t-on assez dit que <em>Man on the Moon<\/em> est un film stup\u00e9fiant, variation inspir\u00e9e sur le spectacle et l&rsquo;anti-spectacle&nbsp;? Comprend-on suffisamment que les films et personnages de Forman ont en commun un humour tellement jusqu&rsquo;au-boutiste qu&rsquo;il devient manifeste politique&nbsp;? \u00ab&nbsp;L&rsquo;humour jaillit d&rsquo;une crevasse qui s&rsquo;est ouverte entre ce que les choses pr\u00e9tendent signifier et ce qu&rsquo;elles sont en r\u00e9alit\u00e9. (&#8230;) Rien ni personne n&rsquo;est dispens\u00e9 du comique qui est notre condition, notre ombre, notre soulagement et notre condamnation&nbsp;\u00bb, \u00e9crit Kundera \u00e0 propos de Milos Forman justement. Sans doute cette attitude philosophique face \u00e0 l&rsquo;insens\u00e9 de l&rsquo;existence l&rsquo;a t-elle sauv\u00e9 lui-m\u00eame, lui insufflant l\u00e9g\u00e8ret\u00e9 et lucidit\u00e9, lui donnant envie de la place de cin\u00e9aste comme lieu id\u00e9al d&rsquo;observation et qualifiant \u00e0 jamais son regard sur le monde.\u00a0\u00bb<\/p>\n<\/blockquote>\n\n\n\n<figure class=\"wp-block-embed is-type-video is-provider-youtube wp-block-embed-youtube wp-embed-aspect-16-9 wp-has-aspect-ratio\"><div class=\"wp-block-embed__wrapper\">\n<iframe loading=\"lazy\" title=\"Les amours d&#039;une blonde\" width=\"780\" height=\"439\" src=\"https:\/\/www.youtube.com\/embed\/uCOXtiL6SOM?feature=oembed\" frameborder=\"0\" allow=\"accelerometer; autoplay; clipboard-write; encrypted-media; gyroscope; picture-in-picture; web-share\" allowfullscreen><\/iframe>\n<\/div><\/figure>\n","protected":false},"excerpt":{"rendered":"<p>Mardi 4 avril 2023 &#8211; 20h30 1965&nbsp;&nbsp; 90mn de&nbsp;&nbsp;Milos Forman Second des trois longs m\u00e9trages de Milos Forman r\u00e9alis\u00e9s en Tch\u00e9coslovaquie,&nbsp;Les Amours d&rsquo;une Blonde&nbsp;pose un regard ac\u00e9r\u00e9 et cruellement dr\u00f4le,quasi documentaire sur les d\u00e9sirs et les frustrations d&rsquo; une jeunesse \u00e0 l&rsquo;horizon incertain. Dans une intrigue apparemment banale, Milo\u0161 Forman raconte un \u00e9pisode de la <a class=\"more-link\" href=\"https:\/\/www.cineclubdubelvedere.fr\/?p=2301\">Lire plus &#8230;<\/a><\/p>\n","protected":false},"author":1,"featured_media":2455,"comment_status":"open","ping_status":"open","sticky":false,"template":"","format":"standard","meta":{"footnotes":""},"categories":[8],"tags":[],"class_list":["post-2301","post","type-post","status-publish","format-standard","has-post-thumbnail","hentry","category-archives"],"_links":{"self":[{"href":"https:\/\/www.cineclubdubelvedere.fr\/index.php?rest_route=\/wp\/v2\/posts\/2301","targetHints":{"allow":["GET"]}}],"collection":[{"href":"https:\/\/www.cineclubdubelvedere.fr\/index.php?rest_route=\/wp\/v2\/posts"}],"about":[{"href":"https:\/\/www.cineclubdubelvedere.fr\/index.php?rest_route=\/wp\/v2\/types\/post"}],"author":[{"embeddable":true,"href":"https:\/\/www.cineclubdubelvedere.fr\/index.php?rest_route=\/wp\/v2\/users\/1"}],"replies":[{"embeddable":true,"href":"https:\/\/www.cineclubdubelvedere.fr\/index.php?rest_route=%2Fwp%2Fv2%2Fcomments&post=2301"}],"version-history":[{"count":10,"href":"https:\/\/www.cineclubdubelvedere.fr\/index.php?rest_route=\/wp\/v2\/posts\/2301\/revisions"}],"predecessor-version":[{"id":2477,"href":"https:\/\/www.cineclubdubelvedere.fr\/index.php?rest_route=\/wp\/v2\/posts\/2301\/revisions\/2477"}],"wp:featuredmedia":[{"embeddable":true,"href":"https:\/\/www.cineclubdubelvedere.fr\/index.php?rest_route=\/wp\/v2\/media\/2455"}],"wp:attachment":[{"href":"https:\/\/www.cineclubdubelvedere.fr\/index.php?rest_route=%2Fwp%2Fv2%2Fmedia&parent=2301"}],"wp:term":[{"taxonomy":"category","embeddable":true,"href":"https:\/\/www.cineclubdubelvedere.fr\/index.php?rest_route=%2Fwp%2Fv2%2Fcategories&post=2301"},{"taxonomy":"post_tag","embeddable":true,"href":"https:\/\/www.cineclubdubelvedere.fr\/index.php?rest_route=%2Fwp%2Fv2%2Ftags&post=2301"}],"curies":[{"name":"wp","href":"https:\/\/api.w.org\/{rel}","templated":true}]}}