{"id":2547,"date":"2023-10-05T18:30:29","date_gmt":"2023-10-05T17:30:29","guid":{"rendered":"http:\/\/www.cineclubdubelvedere.fr\/?p=2547"},"modified":"2024-09-02T16:09:23","modified_gmt":"2024-09-02T15:09:23","slug":"cria-cuervos-mardi-9-avril-2024-20h30","status":"publish","type":"post","link":"https:\/\/www.cineclubdubelvedere.fr\/?p=2547","title":{"rendered":"Cria Cuervos &#8211; Mardi 9 avril 2024"},"content":{"rendered":"\n<p>film de Carlos Saura sorti en 1976 &#8211;<\/p>\n\n\n\n<p>Pendant les derni\u00e8res ann\u00e9es du fascisme, \u00e0 Madrid, Ana, une fillette de 9 ans, vit avec ses deux soeurs chez sa tante Paulina. Leurs parents sont morts. Ana, hypersensible, grandit dans le tendre souvenir de sa m\u00e8re et la haine de son p\u00e8re, dans un pr\u00e9sent o\u00f9 le pass\u00e9 fait constamment irruption. Morte apr\u00e8s une longue agonie \u00e0 laquelle Ana assistait en cachette, sa m\u00e8re continue d&rsquo;accompagner ses insomnies, de lui parler, de lui jouer son air de piano pr\u00e9f\u00e9r\u00e9.<\/p>\n","protected":false},"excerpt":{"rendered":"<p>film de Carlos Saura sorti en 1976 &#8211; Pendant les derni\u00e8res ann\u00e9es du fascisme, \u00e0 Madrid, Ana, une fillette de 9 ans, vit avec ses deux soeurs chez sa tante Paulina. Leurs parents sont morts. Ana, hypersensible, grandit dans le tendre souvenir de sa m\u00e8re et la haine de son p\u00e8re, dans un pr\u00e9sent o\u00f9 <a class=\"more-link\" href=\"https:\/\/www.cineclubdubelvedere.fr\/?p=2547\">Lire plus &#8230;<\/a><\/p>\n","protected":false},"author":1,"featured_media":2568,"comment_status":"open","ping_status":"open","sticky":false,"template":"","format":"standard","meta":{"footnotes":""},"categories":[8],"tags":[],"class_list":["post-2547","post","type-post","status-publish","format-standard","has-post-thumbnail","hentry","category-archives"],"_links":{"self":[{"href":"https:\/\/www.cineclubdubelvedere.fr\/index.php?rest_route=\/wp\/v2\/posts\/2547","targetHints":{"allow":["GET"]}}],"collection":[{"href":"https:\/\/www.cineclubdubelvedere.fr\/index.php?rest_route=\/wp\/v2\/posts"}],"about":[{"href":"https:\/\/www.cineclubdubelvedere.fr\/index.php?rest_route=\/wp\/v2\/types\/post"}],"author":[{"embeddable":true,"href":"https:\/\/www.cineclubdubelvedere.fr\/index.php?rest_route=\/wp\/v2\/users\/1"}],"replies":[{"embeddable":true,"href":"https:\/\/www.cineclubdubelvedere.fr\/index.php?rest_route=%2Fwp%2Fv2%2Fcomments&post=2547"}],"version-history":[{"count":4,"href":"https:\/\/www.cineclubdubelvedere.fr\/index.php?rest_route=\/wp\/v2\/posts\/2547\/revisions"}],"predecessor-version":[{"id":2597,"href":"https:\/\/www.cineclubdubelvedere.fr\/index.php?rest_route=\/wp\/v2\/posts\/2547\/revisions\/2597"}],"wp:featuredmedia":[{"embeddable":true,"href":"https:\/\/www.cineclubdubelvedere.fr\/index.php?rest_route=\/wp\/v2\/media\/2568"}],"wp:attachment":[{"href":"https:\/\/www.cineclubdubelvedere.fr\/index.php?rest_route=%2Fwp%2Fv2%2Fmedia&parent=2547"}],"wp:term":[{"taxonomy":"category","embeddable":true,"href":"https:\/\/www.cineclubdubelvedere.fr\/index.php?rest_route=%2Fwp%2Fv2%2Fcategories&post=2547"},{"taxonomy":"post_tag","embeddable":true,"href":"https:\/\/www.cineclubdubelvedere.fr\/index.php?rest_route=%2Fwp%2Fv2%2Ftags&post=2547"}],"curies":[{"name":"wp","href":"https:\/\/api.w.org\/{rel}","templated":true}]}}