{"id":2623,"date":"2024-09-01T19:20:11","date_gmt":"2024-09-01T18:20:11","guid":{"rendered":"http:\/\/www.cineclubdubelvedere.fr\/?p=2623"},"modified":"2025-05-03T19:04:14","modified_gmt":"2025-05-03T18:04:14","slug":"retour-a-ithaque-laurent-cantet","status":"publish","type":"post","link":"https:\/\/www.cineclubdubelvedere.fr\/?p=2623","title":{"rendered":"Retour \u00e0 Ithaque &#8211; Laurent Cantet"},"content":{"rendered":"\n<p>Mardi 11 mars 2025<br>Film choisi et pr\u00e9sent\u00e9 par Annie Vengeon<\/p>\n\n\n\n<h2 class=\"wp-block-heading\">Synopsis<\/h2>\n\n\n\n<p>Une terrasse qui domine la Havane, le soleil se couche. Cinq amis sont r\u00e9unis pour f\u00eater le retour d\u2019Amadeo apr\u00e8s 16 ans d\u2019exil. Du cr\u00e9puscule \u00e0 l\u2019aube, ils \u00e9voquent leur jeunesse, la bande qu\u2019ils formaient alors, les 400 coups qu\u2019ils ont v\u00e9cus \u00e0 l\u2019\u00e9poque et la foi dans l\u2019avenir qui les animait\u2026 <a href=\"https:\/\/www.premiere.fr\/film\/Retour-a-Ithaque\" target=\"_blank\" rel=\"noreferrer noopener\">Premi\u00e8re\u2026<\/a><\/p>\n\n\n\n<figure class=\"wp-block-embed is-type-video is-provider-youtube wp-block-embed-youtube wp-embed-aspect-16-9 wp-has-aspect-ratio\"><div class=\"wp-block-embed__wrapper\">\n<iframe loading=\"lazy\" title=\"RETOUR \u00c0 ITHAQUE Bande Annonce\" width=\"780\" height=\"439\" src=\"https:\/\/www.youtube.com\/embed\/CPR21jkvgJU?feature=oembed\" frameborder=\"0\" allow=\"accelerometer; autoplay; clipboard-write; encrypted-media; gyroscope; picture-in-picture; web-share\" referrerpolicy=\"strict-origin-when-cross-origin\" allowfullscreen><\/iframe>\n<\/div><\/figure>\n\n\n\n<h2 class=\"wp-block-heading\"><a href=\"https:\/\/www.telerama.fr\/cinema\/films\/retour-a-ithaque,491921.php\">T\u00e9l\u00e9rama<\/a><\/h2>\n\n\n\n<p><a href=\"https:\/\/www.telerama.fr\/cinema\/films\/retour-a-ithaque,491921.php\">https:\/\/www.telerama.fr\/cinema\/films\/retour-a-ithaque,491921.php<\/a><\/p>\n\n\n\n<p>| Genre : Blues \u00e0 Cuba.<\/p>\n\n\n\n<p>Une terrasse dominant La Havane. Cinq amis f\u00eatent le retour d&rsquo;un des leurs apr\u00e8s seize ans d&rsquo;exil. Ils ont tous la cinquantaine bien sonn\u00e9e. Ils ont fait corps, jadis, avec l&rsquo;id\u00e9al r\u00e9volutionnaire. Puis l&rsquo;effondrement de l&rsquo;URSS et la suspension de son aide ont bris\u00e9 leurs r\u00eaves et les ont conduits au bord de la pauvret\u00e9. Chacun s&rsquo;est d\u00e9brouill\u00e9 comme il a pu, sauvant ou non son int\u00e9grit\u00e9, son couple, sa vie familiale, sa sant\u00e9 psychique&#8230;<\/p>\n","protected":false},"excerpt":{"rendered":"<p>Mardi 11 mars 2025Film choisi et pr\u00e9sent\u00e9 par Annie Vengeon Synopsis Une terrasse qui domine la Havane, le soleil se couche. Cinq amis sont r\u00e9unis pour f\u00eater le retour d\u2019Amadeo apr\u00e8s 16 ans d\u2019exil. Du cr\u00e9puscule \u00e0 l\u2019aube, ils \u00e9voquent leur jeunesse, la bande qu\u2019ils formaient alors, les 400 coups qu\u2019ils ont v\u00e9cus \u00e0 l\u2019\u00e9poque <a class=\"more-link\" href=\"https:\/\/www.cineclubdubelvedere.fr\/?p=2623\">Lire plus &#8230;<\/a><\/p>\n","protected":false},"author":1,"featured_media":2690,"comment_status":"open","ping_status":"open","sticky":false,"template":"","format":"standard","meta":{"footnotes":""},"categories":[8],"tags":[],"class_list":["post-2623","post","type-post","status-publish","format-standard","has-post-thumbnail","hentry","category-archives"],"_links":{"self":[{"href":"https:\/\/www.cineclubdubelvedere.fr\/index.php?rest_route=\/wp\/v2\/posts\/2623","targetHints":{"allow":["GET"]}}],"collection":[{"href":"https:\/\/www.cineclubdubelvedere.fr\/index.php?rest_route=\/wp\/v2\/posts"}],"about":[{"href":"https:\/\/www.cineclubdubelvedere.fr\/index.php?rest_route=\/wp\/v2\/types\/post"}],"author":[{"embeddable":true,"href":"https:\/\/www.cineclubdubelvedere.fr\/index.php?rest_route=\/wp\/v2\/users\/1"}],"replies":[{"embeddable":true,"href":"https:\/\/www.cineclubdubelvedere.fr\/index.php?rest_route=%2Fwp%2Fv2%2Fcomments&post=2623"}],"version-history":[{"count":10,"href":"https:\/\/www.cineclubdubelvedere.fr\/index.php?rest_route=\/wp\/v2\/posts\/2623\/revisions"}],"predecessor-version":[{"id":2738,"href":"https:\/\/www.cineclubdubelvedere.fr\/index.php?rest_route=\/wp\/v2\/posts\/2623\/revisions\/2738"}],"wp:featuredmedia":[{"embeddable":true,"href":"https:\/\/www.cineclubdubelvedere.fr\/index.php?rest_route=\/wp\/v2\/media\/2690"}],"wp:attachment":[{"href":"https:\/\/www.cineclubdubelvedere.fr\/index.php?rest_route=%2Fwp%2Fv2%2Fmedia&parent=2623"}],"wp:term":[{"taxonomy":"category","embeddable":true,"href":"https:\/\/www.cineclubdubelvedere.fr\/index.php?rest_route=%2Fwp%2Fv2%2Fcategories&post=2623"},{"taxonomy":"post_tag","embeddable":true,"href":"https:\/\/www.cineclubdubelvedere.fr\/index.php?rest_route=%2Fwp%2Fv2%2Ftags&post=2623"}],"curies":[{"name":"wp","href":"https:\/\/api.w.org\/{rel}","templated":true}]}}