{"id":2627,"date":"2024-09-01T20:40:20","date_gmt":"2024-09-01T19:40:20","guid":{"rendered":"http:\/\/www.cineclubdubelvedere.fr\/?p=2627"},"modified":"2025-08-30T20:07:27","modified_gmt":"2025-08-30T19:07:27","slug":"eight-days-a-week-ron-howard","status":"publish","type":"post","link":"https:\/\/www.cineclubdubelvedere.fr\/?p=2627","title":{"rendered":"Eight days a week &#8211; Ron Howard"},"content":{"rendered":"\n<p class=\"has-text-align-center\">Samedi 10 mai \u00e0 17h<\/p>\n\n\n\n<p>Dans le cadre de l\u2019exposition\u00a0<strong><em>\u00abI\u00a0Love\u00a0The\u00a0Beatles\u00a0\u00bb\u00a0<\/em><\/strong>au Centre Culturel Jeannine Creissels\u00a0(voir la plaquette de la saison culturelle, p.23),\u00a0le Cin\u00e9-Club du Belv\u00e9d\u00e8re et Michel Senna pr\u00e9sentent le film<\/p>\n\n\n\n<p class=\"has-text-align-center\"><strong><em>THE BEATLES\u00a0: EIGHT DAYS A WEEK.<\/em><\/strong> <strong>de Ron Howard<\/strong> &#8211; 1h 46mn<\/p>\n\n\n\n<h1 class=\"wp-block-heading alignfull has-text-align-center\">Samedi 10 mai 2025 \u00e0&nbsp;<strong>17 heures<\/strong><\/h1>\n\n\n\n<p><strong>\u201cThe Beatles&nbsp;: le monde est \u00e0 eux\u201d&nbsp;: immersion r\u00e9jouissante dans la fr\u00e9n\u00e9sie d\u2019un groupe iconique.<\/strong><\/p>\n\n\n\n<p>\u00ab&nbsp;Retour sur la naissance d\u2019un mythe des sixties, les Beatles, de leurs d\u00e9buts \u00e0 leur conqu\u00eate du monde entier. Ron Howard signe un documentaire riche et euphorisant.&nbsp;\u00bb<\/p>\n\n\n\n<p><em>\u00abLequel des quatre \u00eates-vous ? \u00bb<\/em>\u00a0demande un journaliste.\u00a0<em>\u00ab \u00c9ric \u00bb,<\/em>r\u00e9pond Lennon, impavide. Les Beatles d\u00e9couvrent alors l\u2019Am\u00e9rique, et vice versa. Le moment pr\u00e9cis o\u00f9, en un voyage, le groupe a chang\u00e9 de statut pour toujours, de coqueluche british \u00e0 l\u00e9gende plan\u00e9taire. Le film de Ron Howard nous entra\u00eene dans le tourbillon insens\u00e9 des ann\u00e9es concerts, de 1962 \u00e0 1966. On y trouve tous les ingr\u00e9dients de la l\u00e9gende dans sa phase ascendante : les tourn\u00e9es monstres (dont la fameuse prestation au Shea Stadium de New York, en 1965), l\u2019hyst\u00e9rie collective, les fac\u00e9ties juv\u00e9niles du quatuor\u2026<\/p>\n\n\n\n<p>On conna\u00eet la chanson par c\u0153ur, mais ce documentaire nous offre une foule de cadeaux : sessions d\u2019enregistrement rarissimes, extraits de concerts arrach\u00e9s \u00e0 l\u2019oubli, le tout soigneusement restaur\u00e9. Les Beatles eux-m\u00eames se racontent. Mais le film s\u2019enrichit \u00e9galement de t\u00e9moignages comme ceux de Whoopi Goldberg ou Sigourney Weaver, authentiques beatlemaniaques d\u2019\u00e9poque.<\/p>\n\n\n\n<p>C\u2019est aussi dans la vivacit\u00e9 du montage que le r\u00e9alisateur capte la fra\u00eecheur et la puissance d\u2019un ph\u00e9nom\u00e8ne in\u00e9dit : la naissance d\u2019une immense vague g\u00e9n\u00e9rationnelle, qui s\u2019appr\u00eate alors \u00e0 transformer le monde. \u00c0 voir\u2026 huit jours par semaine.&nbsp;\u00bb<\/p>\n\n\n\n<p><em>T\u00e9l\u00e9rama<\/em><\/p>\n\n\n\n<hr class=\"wp-block-separator has-alpha-channel-opacity\"\/>\n\n\n\n<p><strong>Nous accueillerons un invit\u00e9 exceptionnel, Michel Senna, sp\u00e9cialiste des Beatles et auteur d\u2019un livre sur le sujet, et par ailleurs responsable de la programmation d\u2019INTERFILM, qui nous commentera le film.\u00a0<\/strong><\/p>\n\n\n\n<h2 class=\"wp-block-heading has-text-align-center\"><strong>Cette s\u00e9ance est ouverte \u00e0 tous, il n\u2019est pas n\u00e9cessaire d\u2019\u00eatre adh\u00e9rent. Invitez vos amis.<\/strong><\/h2>\n\n\n\n<hr class=\"wp-block-separator has-alpha-channel-opacity\"\/>\n\n\n\n<h2 class=\"wp-block-heading\">Synopsis<\/h2>\n\n\n\n<p>A chacun de leurs passages sur sc\u00e8ne, les Beatles d\u00e9clenchent une hyst\u00e9rie un peu effrayante, que les jeunes gens ne comprennent pas. \u00ab\u00a0Heureusement que nous \u00e9tions soud\u00e9s\u00a0\u00bb, se souvient Paul McCartney. Les concerts se succ\u00e8dent dans le monde entier, France, Etats-Unis, Su\u00e8de, Australie, les enregistrements en studio \u00e9galement. L&rsquo;ascension du groupe est fulgurante, le succ\u00e8s, absolu. Les Beatles sont des stars internationales, adul\u00e9es par la jeunesse. Des images rares et in\u00e9dites montrent le succ\u00e8s incroyable de ces quatre musiciens durant les premi\u00e8res ann\u00e9es, de 1962 \u00e0 1966, du Cavern Club de Liverpool \u00e0 leur dernier concert \u00e0 San Francisco&#8230; <a href=\"https:\/\/www.telerama.fr\/cinema\/films\/the-beatles-eight-days-a-week-the-touring-years,107750396.php\" target=\"_blank\" rel=\"noreferrer noopener\">T\u00e9l\u00e9rama<\/a><\/p>\n\n\n<div class=\"wp-block-image\">\n<figure class=\"aligncenter size-full\"><img loading=\"lazy\" decoding=\"async\" width=\"595\" height=\"841\" src=\"http:\/\/www.cineclubdubelvedere.fr\/wp-content\/uploads\/2024\/09\/BAT-A4-The-Beatles.jpg\" alt=\"\" class=\"wp-image-2751\" srcset=\"https:\/\/www.cineclubdubelvedere.fr\/wp-content\/uploads\/2024\/09\/BAT-A4-The-Beatles.jpg 595w, https:\/\/www.cineclubdubelvedere.fr\/wp-content\/uploads\/2024\/09\/BAT-A4-The-Beatles-212x300.jpg 212w\" sizes=\"auto, (max-width: 595px) 100vw, 595px\" \/><\/figure>\n<\/div>\n\n\n<p>Cette s\u00e9ance du cin\u00e9-club est en lien avec l&rsquo;exposition \u00ab\u00a0I love the Beatles\u00a0\u00bb de Michel Bouvet qui a lieu au Centre culturel Jeanine Creissels jusqu&rsquo;au 25 mai 2025.<\/p>\n\n\n\n<p><a href=\"https:\/\/culture.isere.fr\/agenda\/exposition-i-love-beatles\">https:\/\/culture.isere.fr\/agenda\/exposition-i-love-beatles<\/a><\/p>\n\n\n\n<blockquote class=\"wp-block-quote is-layout-flow wp-block-quote-is-layout-flow\">\n<blockquote class=\"wp-block-quote is-layout-flow wp-block-quote-is-layout-flow\">\n<blockquote class=\"wp-block-quote is-layout-flow wp-block-quote-is-layout-flow\"><\/blockquote>\n<\/blockquote>\n<\/blockquote>\n\n\n\n<blockquote class=\"wp-block-quote is-layout-flow wp-block-quote-is-layout-flow\">\n<blockquote class=\"wp-block-quote is-layout-flow wp-block-quote-is-layout-flow\">\n<blockquote class=\"wp-block-quote is-layout-flow wp-block-quote-is-layout-flow\"><\/blockquote>\n<\/blockquote>\n<\/blockquote>\n\n\n\n<blockquote class=\"wp-block-quote is-layout-flow wp-block-quote-is-layout-flow\">\n<blockquote class=\"wp-block-quote is-layout-flow wp-block-quote-is-layout-flow\">\n<blockquote class=\"wp-block-quote is-layout-flow wp-block-quote-is-layout-flow\"><\/blockquote>\n<\/blockquote>\n<\/blockquote>\n\n\n\n<p><strong>I\u00a0LOVE\u00a0THE\u00a0BEATLES<\/strong><br><strong>EXPOSITION<\/strong><br>\u00c0 d\u00e9couvrir jusqu&rsquo;au 25 mai 2025<\/p>\n\n\n\n<p><img decoding=\"async\" width=\"564\" src=\"https:\/\/mcusercontent.com\/0e11cf55b6ca495d7c2bfd9e9\/images\/7c0a3d0b-9006-1c46-a06a-f3db29d11bad.jpg\" alt=\"\"><img decoding=\"async\" width=\"264\" src=\"https:\/\/mcusercontent.com\/0e11cf55b6ca495d7c2bfd9e9\/images\/ccb5484f-1d92-da48-88cc-bfd71fb2c8c6.jpg\" alt=\"\"><img decoding=\"async\" width=\"264\" src=\"https:\/\/mcusercontent.com\/0e11cf55b6ca495d7c2bfd9e9\/images\/d4450192-c2cc-6871-dfca-cb0ecf5493d6.jpg\" alt=\"\"><\/p>\n\n\n\n<figure class=\"wp-block-table\"><table class=\"has-fixed-layout\"><tbody><tr><td class=\"has-text-align-center\" data-align=\"center\"><br>\u00ab\u00a0S&rsquo;il y a bien une exposition \u00e0 ne pas louper cette saison au centre culturel Jeannine-Creissels (Belv\u00e9d\u00e8re), c&rsquo;est bien celle de Michel Bouvet\u00a0[\u2026] Nous l&rsquo;avons rencontr\u00e9 la veille de l&rsquo;ouverture de cette pr\u00e9sentation hors du commun de 35 images num\u00e9riques illustrant les chansons l\u00e9gendaires du mythique groupe de Liverpool. Oui, Michel Bouvet est un v\u00e9ritable fan des Beatles, mais son travail est aussi et surtout l&rsquo;aboutissement d&rsquo;une imagination port\u00e9e par sa passion pour la musique, la peinture, la litt\u00e9rature et les voyages\u00a0[\u2026] Diego Zaccaria, commissaire d&rsquo;exposition, et ami de l&rsquo;artiste, pr\u00e9cise que cette extraordinaire exposition est pr\u00e9sent\u00e9e pour la toute premi\u00e8re fois en France. \u00bb\u00a0<br><strong>Michel Doris,\u00a0<em>Le\u00a0Dauphin\u00e9 Lib\u00e9r\u00e9\u00a0<\/em><\/strong><a href=\"https:\/\/michelbouvet.us13.list-manage.com\/track\/click?u=0e11cf55b6ca495d7c2bfd9e9&amp;id=7951c93e19&amp;e=5383e23529\"><\/a><br><br>Reportage de\u00a0<strong>France 3 Alpes<\/strong>, par\u00a0Camille Audiger et Damien Borrelly<br><a href=\"https:\/\/michelbouvet.us13.list-manage.com\/track\/click?u=0e11cf55b6ca495d7c2bfd9e9&amp;id=9e29476aff&amp;e=5383e23529\" target=\"_blank\" rel=\"noreferrer noopener\">Voir le reportage<\/a><br><br><img decoding=\"async\" width=\"264\" src=\"https:\/\/mcusercontent.com\/0e11cf55b6ca495d7c2bfd9e9\/images\/b5b71792-3ff0-90c4-a985-b1e4b04df63a.jpg\" alt=\"\"> <img decoding=\"async\" width=\"264\" src=\"https:\/\/mcusercontent.com\/0e11cf55b6ca495d7c2bfd9e9\/images\/e062dd83-ed0e-6faf-f899-1ce91d8415cc.jpg\" alt=\"\"><img decoding=\"async\" width=\"264\" src=\"https:\/\/mcusercontent.com\/0e11cf55b6ca495d7c2bfd9e9\/images\/9dcf717c-dc38-6ca0-f55e-bd7607673bed.jpg\" alt=\"\"> <img decoding=\"async\" width=\"264\" src=\"https:\/\/mcusercontent.com\/0e11cf55b6ca495d7c2bfd9e9\/images\/f6a313a4-b7a1-a3a7-6c82-8c40aafc8b3e.jpg\" alt=\"\"><br><br><strong>Le Belv\u00e9d\u00e8re, Centre Culturel Jeannine Creissels<\/strong><br>214 Route d&rsquo;Uriage 38410 Saint-Martin d&rsquo;Uriage<br><br>Exposition \u00e0 voir jusqu&rsquo;au 25 mai 2025 inclus,<br>de\u00a015h \u00e0 18h les mercredis, vendredis, samedis et dimanches.<br><strong>Entr\u00e9e libre<\/strong><br><br><a href=\"https:\/\/michelbouvet.com\">En savoir plus sur Michel Bouvet<\/a><\/td><\/tr><\/tbody><\/table><\/figure>\n\n\n\n<hr class=\"wp-block-separator has-alpha-channel-opacity\"\/>\n\n\n\n<figure class=\"wp-block-image size-full\"><a href=\"https:\/\/michelbouvet.us13.list-manage.com\/track\/click?u=0e11cf55b6ca495d7c2bfd9e9&amp;id=7951c93e19&amp;e=5383e23529\" target=\"_blank\" rel=\" noreferrer noopener\"><img loading=\"lazy\" decoding=\"async\" width=\"569\" height=\"419\" src=\"http:\/\/www.cineclubdubelvedere.fr\/wp-content\/uploads\/2024\/09\/Capture-decran-2025-05-03-a-20.42.33.png\" alt=\"\" class=\"wp-image-2769\" srcset=\"https:\/\/www.cineclubdubelvedere.fr\/wp-content\/uploads\/2024\/09\/Capture-decran-2025-05-03-a-20.42.33.png 569w, https:\/\/www.cineclubdubelvedere.fr\/wp-content\/uploads\/2024\/09\/Capture-decran-2025-05-03-a-20.42.33-300x221.png 300w\" sizes=\"auto, (max-width: 569px) 100vw, 569px\" \/><\/a><\/figure>\n","protected":false},"excerpt":{"rendered":"<p>Samedi 10 mai \u00e0 17h Dans le cadre de l\u2019exposition\u00a0\u00abI\u00a0Love\u00a0The\u00a0Beatles\u00a0\u00bb\u00a0au Centre Culturel Jeannine Creissels\u00a0(voir la plaquette de la saison culturelle, p.23),\u00a0le Cin\u00e9-Club du Belv\u00e9d\u00e8re et Michel Senna pr\u00e9sentent le film THE BEATLES\u00a0: EIGHT DAYS A WEEK. de Ron Howard &#8211; 1h 46mn Samedi 10 mai 2025 \u00e0&nbsp;17 heures \u201cThe Beatles&nbsp;: le monde est \u00e0 eux\u201d&nbsp;: <a class=\"more-link\" href=\"https:\/\/www.cineclubdubelvedere.fr\/?p=2627\">Lire plus &#8230;<\/a><\/p>\n","protected":false},"author":1,"featured_media":2692,"comment_status":"open","ping_status":"open","sticky":false,"template":"","format":"standard","meta":{"footnotes":""},"categories":[8],"tags":[],"class_list":["post-2627","post","type-post","status-publish","format-standard","has-post-thumbnail","hentry","category-archives"],"_links":{"self":[{"href":"https:\/\/www.cineclubdubelvedere.fr\/index.php?rest_route=\/wp\/v2\/posts\/2627","targetHints":{"allow":["GET"]}}],"collection":[{"href":"https:\/\/www.cineclubdubelvedere.fr\/index.php?rest_route=\/wp\/v2\/posts"}],"about":[{"href":"https:\/\/www.cineclubdubelvedere.fr\/index.php?rest_route=\/wp\/v2\/types\/post"}],"author":[{"embeddable":true,"href":"https:\/\/www.cineclubdubelvedere.fr\/index.php?rest_route=\/wp\/v2\/users\/1"}],"replies":[{"embeddable":true,"href":"https:\/\/www.cineclubdubelvedere.fr\/index.php?rest_route=%2Fwp%2Fv2%2Fcomments&post=2627"}],"version-history":[{"count":16,"href":"https:\/\/www.cineclubdubelvedere.fr\/index.php?rest_route=\/wp\/v2\/posts\/2627\/revisions"}],"predecessor-version":[{"id":2770,"href":"https:\/\/www.cineclubdubelvedere.fr\/index.php?rest_route=\/wp\/v2\/posts\/2627\/revisions\/2770"}],"wp:featuredmedia":[{"embeddable":true,"href":"https:\/\/www.cineclubdubelvedere.fr\/index.php?rest_route=\/wp\/v2\/media\/2692"}],"wp:attachment":[{"href":"https:\/\/www.cineclubdubelvedere.fr\/index.php?rest_route=%2Fwp%2Fv2%2Fmedia&parent=2627"}],"wp:term":[{"taxonomy":"category","embeddable":true,"href":"https:\/\/www.cineclubdubelvedere.fr\/index.php?rest_route=%2Fwp%2Fv2%2Fcategories&post=2627"},{"taxonomy":"post_tag","embeddable":true,"href":"https:\/\/www.cineclubdubelvedere.fr\/index.php?rest_route=%2Fwp%2Fv2%2Ftags&post=2627"}],"curies":[{"name":"wp","href":"https:\/\/api.w.org\/{rel}","templated":true}]}}