{"id":2631,"date":"2024-09-01T20:20:09","date_gmt":"2024-09-01T19:20:09","guid":{"rendered":"http:\/\/www.cineclubdubelvedere.fr\/?p=2631"},"modified":"2025-08-30T20:07:41","modified_gmt":"2025-08-30T19:07:41","slug":"linsulte-ziad-douairi","status":"publish","type":"post","link":"https:\/\/www.cineclubdubelvedere.fr\/?p=2631","title":{"rendered":"L&rsquo;insulte &#8211; Ziad Douairi"},"content":{"rendered":"\n<p>Mardi 17 juin 2025<\/p>\n\n\n\n<p>Beyrouth, aujourd&rsquo;hui. Une simple insulte est prof\u00e9r\u00e9e, mais ne peut \u00eatre pardonn\u00e9e. Celle-ci am\u00e8nera Toni, un chr\u00e9tien libanais, et Yasser, un r\u00e9fugi\u00e9 palestinien, jusqu&rsquo;en cour o\u00f9 ils devront d\u00e9battre de leurs opinions.<\/p>\n\n\n\n<p><a href=\"https:\/\/www.ladepeche.fr\/article\/2018\/01\/28\/2730828-libanais-affrontent-tabous-guerre-civile-insulte.html\">La d\u00e9p\u00eache<\/a><\/p>\n\n\n\n<p>Les Libanais affrontent les tabous de la guerre civile dans \u00ab\u00a0L&rsquo;Insulte\u00a0\u00bb<\/p>\n\n\n\n<p>(AFP) &#8211; Vingt-huit ans apr\u00e8s la fin de la guerre civile libanaise, le film de Ziad Doueiri d\u00e9peint avec un r\u00e9alisme in\u00e9dit les tabous du conflit, ce qui lui a valu d&rsquo;\u00eatre nomm\u00e9 pour l&rsquo;Oscar du meilleur film \u00e9tranger.<\/p>\n\n\n\n<figure class=\"wp-block-embed is-type-video is-provider-youtube wp-block-embed-youtube wp-embed-aspect-16-9 wp-has-aspect-ratio\"><div class=\"wp-block-embed__wrapper\">\n<iframe loading=\"lazy\" title=\"L&#039;INSULTE, de Ziad Doueiri - Bande-annonce\" width=\"780\" height=\"439\" src=\"https:\/\/www.youtube.com\/embed\/ltYa7uNuFvg?start=10&#038;feature=oembed\" frameborder=\"0\" allow=\"accelerometer; autoplay; clipboard-write; encrypted-media; gyroscope; picture-in-picture; web-share\" referrerpolicy=\"strict-origin-when-cross-origin\" allowfullscreen><\/iframe>\n<\/div><\/figure>\n","protected":false},"excerpt":{"rendered":"<p>Mardi 17 juin 2025 Beyrouth, aujourd&rsquo;hui. Une simple insulte est prof\u00e9r\u00e9e, mais ne peut \u00eatre pardonn\u00e9e. Celle-ci am\u00e8nera Toni, un chr\u00e9tien libanais, et Yasser, un r\u00e9fugi\u00e9 palestinien, jusqu&rsquo;en cour o\u00f9 ils devront d\u00e9battre de leurs opinions. La d\u00e9p\u00eache Les Libanais affrontent les tabous de la guerre civile dans \u00ab\u00a0L&rsquo;Insulte\u00a0\u00bb (AFP) &#8211; Vingt-huit ans apr\u00e8s la <a class=\"more-link\" href=\"https:\/\/www.cineclubdubelvedere.fr\/?p=2631\">Lire plus &#8230;<\/a><\/p>\n","protected":false},"author":1,"featured_media":2743,"comment_status":"open","ping_status":"open","sticky":false,"template":"","format":"standard","meta":{"footnotes":""},"categories":[8],"tags":[],"class_list":["post-2631","post","type-post","status-publish","format-standard","has-post-thumbnail","hentry","category-archives"],"_links":{"self":[{"href":"https:\/\/www.cineclubdubelvedere.fr\/index.php?rest_route=\/wp\/v2\/posts\/2631","targetHints":{"allow":["GET"]}}],"collection":[{"href":"https:\/\/www.cineclubdubelvedere.fr\/index.php?rest_route=\/wp\/v2\/posts"}],"about":[{"href":"https:\/\/www.cineclubdubelvedere.fr\/index.php?rest_route=\/wp\/v2\/types\/post"}],"author":[{"embeddable":true,"href":"https:\/\/www.cineclubdubelvedere.fr\/index.php?rest_route=\/wp\/v2\/users\/1"}],"replies":[{"embeddable":true,"href":"https:\/\/www.cineclubdubelvedere.fr\/index.php?rest_route=%2Fwp%2Fv2%2Fcomments&post=2631"}],"version-history":[{"count":5,"href":"https:\/\/www.cineclubdubelvedere.fr\/index.php?rest_route=\/wp\/v2\/posts\/2631\/revisions"}],"predecessor-version":[{"id":2745,"href":"https:\/\/www.cineclubdubelvedere.fr\/index.php?rest_route=\/wp\/v2\/posts\/2631\/revisions\/2745"}],"wp:featuredmedia":[{"embeddable":true,"href":"https:\/\/www.cineclubdubelvedere.fr\/index.php?rest_route=\/wp\/v2\/media\/2743"}],"wp:attachment":[{"href":"https:\/\/www.cineclubdubelvedere.fr\/index.php?rest_route=%2Fwp%2Fv2%2Fmedia&parent=2631"}],"wp:term":[{"taxonomy":"category","embeddable":true,"href":"https:\/\/www.cineclubdubelvedere.fr\/index.php?rest_route=%2Fwp%2Fv2%2Fcategories&post=2631"},{"taxonomy":"post_tag","embeddable":true,"href":"https:\/\/www.cineclubdubelvedere.fr\/index.php?rest_route=%2Fwp%2Fv2%2Ftags&post=2631"}],"curies":[{"name":"wp","href":"https:\/\/api.w.org\/{rel}","templated":true}]}}