{"id":2794,"date":"2025-08-31T14:10:05","date_gmt":"2025-08-31T13:10:05","guid":{"rendered":"http:\/\/www.cineclubdubelvedere.fr\/?p=2794"},"modified":"2026-03-17T18:34:07","modified_gmt":"2026-03-17T17:34:07","slug":"nuit-du-cine-club-2025","status":"publish","type":"post","link":"https:\/\/www.cineclubdubelvedere.fr\/?p=2794","title":{"rendered":"Nuit du cin\u00e9-club 2025"},"content":{"rendered":"\n<p>samedi 27 septembre 2025 &#8211; 17h<\/p>\n\n\n\n<p>L\u2019\u00e9v\u00e9nement annuel du Cin\u00e9-club se rapproche. Comme l&rsquo;ann\u00e9e pass\u00e9e, nous nous retrouvons peu apr\u00e8s la rentr\u00e9e scolaire pour relancer la nouvelle saison du cin\u00e9-club avec trois films pleins d&rsquo;humour.<\/p>\n\n\n\n<p>Cette ann\u00e9e la&nbsp;<strong><u>NUIT DU CIN\u00c9-CLUB aura lieu le samedi 27 septembre \u00e0 partir de 17h.<\/u><\/strong><\/p>\n\n\n\n<p>Elle s\u2019ouvrira sur un ap\u00e9ritif d\u2019accueil, pour se poursuivre par la projection de trois films&nbsp;:<\/p>\n\n\n\n<p>\u00b7&nbsp;&nbsp;&nbsp;&nbsp;&nbsp;&nbsp;<strong>CARTOONS<\/strong>, de Tex Avery<\/p>\n\n\n\n<figure class=\"wp-block-image size-full is-resized\"><img loading=\"lazy\" decoding=\"async\" width=\"714\" height=\"1000\" src=\"http:\/\/www.cineclubdubelvedere.fr\/wp-content\/uploads\/2025\/09\/Tex-Avery.jpg\" alt=\"\" class=\"wp-image-2847\" style=\"width:358px;height:auto\" srcset=\"https:\/\/www.cineclubdubelvedere.fr\/wp-content\/uploads\/2025\/09\/Tex-Avery.jpg 714w, https:\/\/www.cineclubdubelvedere.fr\/wp-content\/uploads\/2025\/09\/Tex-Avery-214x300.jpg 214w\" sizes=\"auto, (max-width: 714px) 100vw, 714px\" \/><\/figure>\n\n\n\n<p>\u00b7&nbsp;&nbsp;&nbsp;&nbsp;&nbsp;&nbsp;<strong>DR\u00d4LE DE DRAME<\/strong>, de Marcel Carn\u00e9<\/p>\n\n\n\n<figure class=\"wp-block-image size-full is-resized\"><img loading=\"lazy\" decoding=\"async\" width=\"736\" height=\"1000\" src=\"http:\/\/www.cineclubdubelvedere.fr\/wp-content\/uploads\/2025\/09\/drole_de_drame.jpg\" alt=\"\" class=\"wp-image-2848\" style=\"width:358px;height:auto\" srcset=\"https:\/\/www.cineclubdubelvedere.fr\/wp-content\/uploads\/2025\/09\/drole_de_drame.jpg 736w, https:\/\/www.cineclubdubelvedere.fr\/wp-content\/uploads\/2025\/09\/drole_de_drame-221x300.jpg 221w\" sizes=\"auto, (max-width: 736px) 100vw, 736px\" \/><\/figure>\n\n\n\n<p>\u00b7&nbsp;&nbsp;&nbsp;&nbsp;&nbsp;&nbsp;<strong>COUPEZ !<\/strong>, de Michel Hazanavicius<\/p>\n\n\n\n<figure class=\"wp-block-image size-full is-resized\"><img loading=\"lazy\" decoding=\"async\" width=\"800\" height=\"400\" src=\"http:\/\/www.cineclubdubelvedere.fr\/wp-content\/uploads\/2025\/09\/coupez-banniere.png\" alt=\"\" class=\"wp-image-2850\" style=\"width:586px;height:auto\" srcset=\"https:\/\/www.cineclubdubelvedere.fr\/wp-content\/uploads\/2025\/09\/coupez-banniere.png 800w, https:\/\/www.cineclubdubelvedere.fr\/wp-content\/uploads\/2025\/09\/coupez-banniere-300x150.png 300w, https:\/\/www.cineclubdubelvedere.fr\/wp-content\/uploads\/2025\/09\/coupez-banniere-768x384.png 768w\" sizes=\"auto, (max-width: 800px) 100vw, 800px\" \/><\/figure>\n\n\n\n<p>\u00c0 chaque entr\u2019acte, nous partagerons diff\u00e9rents buffets dans une ambiance musicale, avec&nbsp;<strong>ACCORD\u00c9ON&nbsp;JOE<\/strong>&nbsp;:<\/p>\n\n\n<div class=\"wp-block-image\">\n<figure class=\"alignleft size-large\"><img loading=\"lazy\" decoding=\"async\" width=\"1024\" height=\"683\" src=\"http:\/\/www.cineclubdubelvedere.fr\/wp-content\/uploads\/2024\/09\/cidclip_image001-1024x683.jpeg\" alt=\"\" class=\"wp-image-2652\" srcset=\"https:\/\/www.cineclubdubelvedere.fr\/wp-content\/uploads\/2024\/09\/cidclip_image001-1024x683.jpeg 1024w, https:\/\/www.cineclubdubelvedere.fr\/wp-content\/uploads\/2024\/09\/cidclip_image001-300x200.jpeg 300w, https:\/\/www.cineclubdubelvedere.fr\/wp-content\/uploads\/2024\/09\/cidclip_image001-768x512.jpeg 768w, https:\/\/www.cineclubdubelvedere.fr\/wp-content\/uploads\/2024\/09\/cidclip_image001.jpeg 1280w\" sizes=\"auto, (max-width: 1024px) 100vw, 1024px\" \/><figcaption class=\"wp-element-caption\">Une contrebasse (Yves), un accord\u00e9on (Herv\u00e9), deux guitares (\u00c9ric et Denis) et pour interpr\u00e9ter des m\u00e9lodies pioch\u00e9es dans les standards du jazz \u00ab\u00a0swing\u00a0\u00bb. Un r\u00e9pertoire avec, bien s\u00fbr, des compositions de Django Reinhardt, mais aussi avec des valses, quelques \u00ab\u00a0latins\u00a0\u00bb et des chansons fran\u00e7aises revisit\u00e9es.<\/figcaption><\/figure>\n<\/div>\n\n\n<h1 class=\"wp-block-heading has-text-align-center\"><strong><u>LES FILMS<\/u><\/strong><\/h1>\n\n\n\n<p><strong>Cartoons de Tex Avery (1943 \u00e0 1954) 72 min<\/strong><\/p>\n\n\n\n<p>Frederick Bean Avery,\u00a0dit\u00a0<strong>Tex Avery<\/strong> est un\u00a0r\u00e9alisateur\u00a0de\u00a0films<a href=\"https:\/\/fr.wikipedia.org\/wiki\/Animation_(audiovisuel)\"> <\/a>d&rsquo;animation.<\/p>\n\n\n\n<p>Il est \u00e0 l\u2019origine du style farfelu des\u00a0<a href=\"https:\/\/fr.wikipedia.org\/wiki\/Cartoon\">cartoons<\/a><a href=\"https:\/\/fr.wikipedia.org\/wiki\/Cin%C3%A9ma_am%C3%A9ricain\">hollywoodiens<\/a>\u00a0des\u00a0ann\u00e9es<a href=\"https:\/\/fr.wikipedia.org\/wiki\/Ann%C3%A9es_1940\"> 1940<\/a>. Tex Avery travaille pour les studios\u00a0<a href=\"https:\/\/fr.wikipedia.org\/wiki\/Universal_Pictures\">Universal<\/a>,\u00a0<a href=\"https:\/\/fr.wikipedia.org\/wiki\/Warner_Bros.\">Warner Bros.<\/a>\u00a0et\u00a0<a href=\"https:\/\/fr.wikipedia.org\/wiki\/Metro-Goldwyn-Mayer\">Metro-Goldwyn-Mayer<\/a>\u00a0(MGM), et est connu pour ses cr\u00e9ations d&rsquo;univers aux situations d\u00e9lirantes. Parmi les personnages qu&rsquo;il cr\u00e9e, figurent\u00a0<a href=\"https:\/\/fr.wikipedia.org\/wiki\/Bugs_Bunny\">Bugs Bunny<\/a>,\u00a0<a href=\"https:\/\/fr.wikipedia.org\/wiki\/Daffy_Duck\">Daffy Duck<\/a>,\u00a0<a href=\"https:\/\/fr.wikipedia.org\/wiki\/Le_Loup_(Tex_Avery)\">Le Loup<\/a>,\u00a0<a href=\"https:\/\/fr.wikipedia.org\/wiki\/Droopy\">Droopy<\/a>,\u00a0<a href=\"https:\/\/fr.wikipedia.org\/wiki\/Casse-noisettes_(personnage)\">Casse-noisettes<\/a>\u00a0ou\u00a0<a href=\"https:\/\/fr.wikipedia.org\/wiki\/Georges_et_Junior\">Georges et Junior<\/a>. <a href=\"https:\/\/fr.wikipedia.org\/wiki\/Tex_Avery\">Wikipedia<\/a><\/p>\n\n\n\n<p>Dr\u00f4le de drame de Marcel Carn\u00e9 (1937) 105 min<\/p>\n\n\n\n<p><\/p>\n\n\n\n<p>Coupez! de Michel Hazanavicius (2022) 111 min<\/p>\n\n\n\n<p><\/p>\n\n\n\n<p><\/p>\n\n\n\n<p><\/p>\n","protected":false},"excerpt":{"rendered":"<p>samedi 27 septembre 2025 &#8211; 17h L\u2019\u00e9v\u00e9nement annuel du Cin\u00e9-club se rapproche. Comme l&rsquo;ann\u00e9e pass\u00e9e, nous nous retrouvons peu apr\u00e8s la rentr\u00e9e scolaire pour relancer la nouvelle saison du cin\u00e9-club avec trois films pleins d&rsquo;humour. Cette ann\u00e9e la&nbsp;NUIT DU CIN\u00c9-CLUB aura lieu le samedi 27 septembre \u00e0 partir de 17h. Elle s\u2019ouvrira sur un ap\u00e9ritif <a class=\"more-link\" href=\"https:\/\/www.cineclubdubelvedere.fr\/?p=2794\">Lire plus &#8230;<\/a><\/p>\n","protected":false},"author":1,"featured_media":2846,"comment_status":"open","ping_status":"open","sticky":false,"template":"","format":"standard","meta":{"footnotes":""},"categories":[8],"tags":[],"class_list":["post-2794","post","type-post","status-publish","format-standard","has-post-thumbnail","hentry","category-archives"],"_links":{"self":[{"href":"https:\/\/www.cineclubdubelvedere.fr\/index.php?rest_route=\/wp\/v2\/posts\/2794","targetHints":{"allow":["GET"]}}],"collection":[{"href":"https:\/\/www.cineclubdubelvedere.fr\/index.php?rest_route=\/wp\/v2\/posts"}],"about":[{"href":"https:\/\/www.cineclubdubelvedere.fr\/index.php?rest_route=\/wp\/v2\/types\/post"}],"author":[{"embeddable":true,"href":"https:\/\/www.cineclubdubelvedere.fr\/index.php?rest_route=\/wp\/v2\/users\/1"}],"replies":[{"embeddable":true,"href":"https:\/\/www.cineclubdubelvedere.fr\/index.php?rest_route=%2Fwp%2Fv2%2Fcomments&post=2794"}],"version-history":[{"count":7,"href":"https:\/\/www.cineclubdubelvedere.fr\/index.php?rest_route=\/wp\/v2\/posts\/2794\/revisions"}],"predecessor-version":[{"id":2890,"href":"https:\/\/www.cineclubdubelvedere.fr\/index.php?rest_route=\/wp\/v2\/posts\/2794\/revisions\/2890"}],"wp:featuredmedia":[{"embeddable":true,"href":"https:\/\/www.cineclubdubelvedere.fr\/index.php?rest_route=\/wp\/v2\/media\/2846"}],"wp:attachment":[{"href":"https:\/\/www.cineclubdubelvedere.fr\/index.php?rest_route=%2Fwp%2Fv2%2Fmedia&parent=2794"}],"wp:term":[{"taxonomy":"category","embeddable":true,"href":"https:\/\/www.cineclubdubelvedere.fr\/index.php?rest_route=%2Fwp%2Fv2%2Fcategories&post=2794"},{"taxonomy":"post_tag","embeddable":true,"href":"https:\/\/www.cineclubdubelvedere.fr\/index.php?rest_route=%2Fwp%2Fv2%2Ftags&post=2794"}],"curies":[{"name":"wp","href":"https:\/\/api.w.org\/{rel}","templated":true}]}}