{"id":2861,"date":"2025-08-31T15:00:57","date_gmt":"2025-08-31T14:00:57","guid":{"rendered":"http:\/\/www.cineclubdubelvedere.fr\/?p=2861"},"modified":"2026-04-22T11:56:26","modified_gmt":"2026-04-22T10:56:26","slug":"youth-mardi-21-avril","status":"publish","type":"post","link":"https:\/\/www.cineclubdubelvedere.fr\/?p=2861","title":{"rendered":"Youth &#8211; mardi 21 avril \u00e0 20h30"},"content":{"rendered":"\n<p>un film de Paolo Sorrentino pr\u00e9sent\u00e9 par Pierre Chappat<\/p>\n\n\n\n<p>Fred et Mick, deux vieux amis approchant les quatre-vingts ans, profitent de leurs vacances dans un bel h\u00f4tel au pied des Alpes. Fred, compositeur et chef d\u2019orchestre d\u00e9sormais \u00e0 la retraite, n\u2019a aucune intention de revenir \u00e0 la carri\u00e8re \u00a0musicale qu\u2019il a abandonn\u00e9e depuis longtemps, tandis que Mick, r\u00e9alisateur, travaille toujours, s\u2019empressant de terminer le sc\u00e9nario de son dernier film. Les deux amis savent que le temps leur est compt\u00e9 et d\u00e9cident de faire face \u00e0 leur avenir ensemble. Mais contrairement \u00e0 eux, personne ne semble se soucier du temps qui passe\u2026 <a href=\"https:\/\/www.lebleudumiroir.fr\/critique-youth-sorrentino\/\" target=\"_blank\" rel=\"noreferrer noopener\">Lebleudumiroir<\/a><\/p>\n\n\n\n<p>Pr\u00e9sentation du r\u00e9alisateur sur <a href=\"https:\/\/www.franceinfo.fr\/culture\/cinema\/sorties-de-films\/dans-youth-paolo-sorrentino-nous-presente-ses-meilleurs-vieux_3380199.html\" target=\"_blank\" rel=\"noreferrer noopener\">FranceInfo<\/a><\/p>\n\n\n\n<figure class=\"wp-block-embed is-type-video is-provider-youtube wp-block-embed-youtube wp-embed-aspect-16-9 wp-has-aspect-ratio\"><div class=\"wp-block-embed__wrapper\">\n<iframe loading=\"lazy\" title=\"La bande annonce de &quot;Youth&quot; de Paolo Sorrentino - RTL - RTL\" width=\"780\" height=\"439\" src=\"https:\/\/www.youtube.com\/embed\/S9AgxvEgIO8?feature=oembed\" frameborder=\"0\" allow=\"accelerometer; autoplay; clipboard-write; encrypted-media; gyroscope; picture-in-picture; web-share\" referrerpolicy=\"strict-origin-when-cross-origin\" allowfullscreen><\/iframe>\n<\/div><\/figure>\n\n\n\n<p><a href=\"http:\/\/www.cineclubdubelvedere.fr\/wp-content\/uploads\/2026\/03\/youth-presentation.pdf\">Fiche de pr\u00e9sentation<\/a><\/p>\n","protected":false},"excerpt":{"rendered":"<p>un film de Paolo Sorrentino pr\u00e9sent\u00e9 par Pierre Chappat Fred et Mick, deux vieux amis approchant les quatre-vingts ans, profitent de leurs vacances dans un bel h\u00f4tel au pied des Alpes. Fred, compositeur et chef d\u2019orchestre d\u00e9sormais \u00e0 la retraite, n\u2019a aucune intention de revenir \u00e0 la carri\u00e8re \u00a0musicale qu\u2019il a abandonn\u00e9e depuis longtemps, tandis <a class=\"more-link\" href=\"https:\/\/www.cineclubdubelvedere.fr\/?p=2861\">Lire plus &#8230;<\/a><\/p>\n","protected":false},"author":1,"featured_media":3002,"comment_status":"open","ping_status":"open","sticky":false,"template":"","format":"standard","meta":{"footnotes":""},"categories":[8],"tags":[],"class_list":["post-2861","post","type-post","status-publish","format-standard","has-post-thumbnail","hentry","category-archives"],"_links":{"self":[{"href":"https:\/\/www.cineclubdubelvedere.fr\/index.php?rest_route=\/wp\/v2\/posts\/2861","targetHints":{"allow":["GET"]}}],"collection":[{"href":"https:\/\/www.cineclubdubelvedere.fr\/index.php?rest_route=\/wp\/v2\/posts"}],"about":[{"href":"https:\/\/www.cineclubdubelvedere.fr\/index.php?rest_route=\/wp\/v2\/types\/post"}],"author":[{"embeddable":true,"href":"https:\/\/www.cineclubdubelvedere.fr\/index.php?rest_route=\/wp\/v2\/users\/1"}],"replies":[{"embeddable":true,"href":"https:\/\/www.cineclubdubelvedere.fr\/index.php?rest_route=%2Fwp%2Fv2%2Fcomments&post=2861"}],"version-history":[{"count":7,"href":"https:\/\/www.cineclubdubelvedere.fr\/index.php?rest_route=\/wp\/v2\/posts\/2861\/revisions"}],"predecessor-version":[{"id":3015,"href":"https:\/\/www.cineclubdubelvedere.fr\/index.php?rest_route=\/wp\/v2\/posts\/2861\/revisions\/3015"}],"wp:featuredmedia":[{"embeddable":true,"href":"https:\/\/www.cineclubdubelvedere.fr\/index.php?rest_route=\/wp\/v2\/media\/3002"}],"wp:attachment":[{"href":"https:\/\/www.cineclubdubelvedere.fr\/index.php?rest_route=%2Fwp%2Fv2%2Fmedia&parent=2861"}],"wp:term":[{"taxonomy":"category","embeddable":true,"href":"https:\/\/www.cineclubdubelvedere.fr\/index.php?rest_route=%2Fwp%2Fv2%2Fcategories&post=2861"},{"taxonomy":"post_tag","embeddable":true,"href":"https:\/\/www.cineclubdubelvedere.fr\/index.php?rest_route=%2Fwp%2Fv2%2Ftags&post=2861"}],"curies":[{"name":"wp","href":"https:\/\/api.w.org\/{rel}","templated":true}]}}