{"id":36,"date":"2013-03-26T12:20:00","date_gmt":"2013-03-26T11:20:00","guid":{"rendered":"http:\/\/www.cineclubdubelvedere.fr\/?p=36"},"modified":"2022-04-01T17:13:22","modified_gmt":"2022-04-01T16:13:22","slug":"article-2","status":"publish","type":"post","link":"https:\/\/www.cineclubdubelvedere.fr\/?p=36","title":{"rendered":"Amarcord"},"content":{"rendered":"<h4><img loading=\"lazy\" decoding=\"async\" class=\"size-full wp-image-162 alignleft\" alt=\"affiche-amarcord\" src=\"http:\/\/www.cineclubdubelvedere.fr\/wp-content\/uploads\/2013\/02\/affiche-amarcord.jpg\" width=\"200\" height=\"270\" \/> Cycle \u00ab\u00a0Italiens\u00a0\u00bb<\/h4>\n<blockquote><p>France-Italie, 1973 . Titre original \u00ab\u00a0Amarcord\u00a0\u00bb<\/p>\n<p>R\u00e9alis\u00e9 par Federico Fellini , \u00e9crit par Federico Fellini et Tonino Guerra<\/p>\n<p>Avec Bruno Zanin, Armando Brancia, Pupella Maggio, Stefano Proietti<\/p><\/blockquote>\n<p>Synopsis :<\/p>\n<p>Dans un bourg italien pr\u00e8s de la mer, \u00e0 l&rsquo;heure du fascisme triomphant, les enfants trainassent, cherchant des victimes pour leurs blagues innocentes&#8230;.<\/p>\n<p><!--more--><\/p>\n<style type=\"text\/css\"><!--\nH2 { margin-top: 0.49cm; margin-bottom: 0.49cm; page-break-after: auto; }H2.western { font-family: \"Times New Roman\",serif; }H2.cjk { font-family: \"Arial Unicode MS\"; }H2.ctl { font-family: \"Tahoma\"; }P { margin-bottom: 0.21cm; }\n--><\/style>\n<h2><span style=\"font-size: medium;\">Amarcord un film anti conformiste, une peinture de la soci\u00e9t\u00e9 Italienne des ann\u00e9es 30 qui exalte une musicalit\u00e9 propre.<\/span><\/h2>\n<p><b>Extrait du cin\u00e9 club de Caen\u00a0<\/b><\/p>\n<p>Rimini, un bourg italien pr\u00e8s de la mer dans les ann\u00e9es 30 \u00e0 l&rsquo;heure du fascisme triomphant. Au gr\u00e9 des petits et grands \u00e9v\u00e9nements qui scandent le retour des saisons, la vie provinciale s&rsquo;\u00e9coule inexorablement.<\/p>\n<p>Les manines qui tombent des arbres ressemblent sans doute \u00e0 des flocons de neige mais annoncent le printemps.<\/p>\n<p>Le \u00a0\u00bb corso \u00ab\u00a0, la rue principale est le rendez-vous d&rsquo;une population install\u00e9e dans ses douillettes habitudes. Les notables pontifient, les braves gens d\u00e9ambulent, les enfants tra\u00eenassent, cherchant des victimes pour leurs blagues innocentes.<\/p>\n<p>L&rsquo;un de ces enfants, Titta, va conna\u00eetre, en l&rsquo;espace d&rsquo;une ann\u00e9e, une s\u00e9rie d&rsquo;exp\u00e9riences tour \u00e0 tour dr\u00f4les, savoureuses et poignantes \u2026<\/p>\n<p>&nbsp;<\/p>\n<p><b>Extrait du livre \u00ab\u00a0le cin\u00e9ma Italien\u00a0\u00bb de Jean A Gili <\/b><\/p>\n<p>Une sorte d\u2019autobiographie imaginaire \u00e0 partir toutefois d\u2019authentiques souvenirs de jeunesse pass\u00e9s au filtre de la m\u00e9moire, Amarcord occupe une place \u00e0 part.<\/p>\n<p>Amacord est le point fixe d\u2019un des ancrages de son univers\u00a0: ancrage dans un monde en voie de disparition, satire d\u2019une soci\u00e9t\u00e9 close domin\u00e9e par le fascisme et l\u2019\u00e9glise, exacerbation d\u2019une sexualit\u00e9 refoul\u00e9e dans une soci\u00e9t\u00e9 d\u2019ordre moral.<\/p>\n<p>Amarcord est la r\u00e9cr\u00e9ation onirique du socle fondateur\u00a0: Fellini a peut-\u00eatre r\u00eav\u00e9 toute sa vie de fuir hors de ce cocon protecteur et \u00e9touffant et, en l\u2019absence de ces voyages lointains qu\u2019il n\u2019aimait gu\u00e8re, il choisit de se d\u00e9placer dans ses fantasmes et fait venir \u00e0 lui les lieux qu\u2019il pr\u00e9f\u00e8re mettre en sc\u00e8ne a Cinecitta plut\u00f4t que d\u2019aller les filmer sur place.<\/p>\n<p>Ainsi, avec sa ville romagnole enti\u00e8rement factice (que Lattuda r\u00e9utilisa avec quelques modification \u00ab\u00a0moscovites\u00a0\u00bb pour tourner C\u0153ur de chien), avec son Rex nocturne qui hanta longtemps de son immense silhouette les terrains vagues qui jouxtent les studios, avec sa galerie de personnages pittoresques, Fellini se fait conteur d\u2019un univers provincial dans son parler aux intonations dialectales.<\/p>\n<p>Son \u00ab\u00a0je me souviens\u00a0\u00bb n\u2019a pas seulement les r\u00e9sonances nostalgiques d\u2019un homme qui se penche sur son pass\u00e9 il a le charme acide d\u2019une introspection culturelle.<\/p>\n<p>Fellini montre son atelier et nous r\u00e9v\u00e8le que les \u0153uvres les plus profondes peuvent parfois trouver leurs sources dans les mat\u00e9riaux les plus modestes.<\/p>\n","protected":false},"excerpt":{"rendered":"<p>Cycle \u00ab\u00a0Italiens\u00a0\u00bb France-Italie, 1973 . Titre original \u00ab\u00a0Amarcord\u00a0\u00bb R\u00e9alis\u00e9 par Federico Fellini , \u00e9crit par Federico Fellini et Tonino Guerra Avec Bruno Zanin, Armando Brancia, Pupella Maggio, Stefano Proietti Synopsis : Dans un bourg italien pr\u00e8s de la mer, \u00e0 l&rsquo;heure du fascisme triomphant, les enfants trainassent, cherchant des victimes pour leurs blagues innocentes&#8230;.<\/p>\n","protected":false},"author":1,"featured_media":169,"comment_status":"open","ping_status":"open","sticky":false,"template":"","format":"standard","meta":{"footnotes":""},"categories":[8],"tags":[],"class_list":["post-36","post","type-post","status-publish","format-standard","has-post-thumbnail","hentry","category-archives"],"_links":{"self":[{"href":"https:\/\/www.cineclubdubelvedere.fr\/index.php?rest_route=\/wp\/v2\/posts\/36","targetHints":{"allow":["GET"]}}],"collection":[{"href":"https:\/\/www.cineclubdubelvedere.fr\/index.php?rest_route=\/wp\/v2\/posts"}],"about":[{"href":"https:\/\/www.cineclubdubelvedere.fr\/index.php?rest_route=\/wp\/v2\/types\/post"}],"author":[{"embeddable":true,"href":"https:\/\/www.cineclubdubelvedere.fr\/index.php?rest_route=\/wp\/v2\/users\/1"}],"replies":[{"embeddable":true,"href":"https:\/\/www.cineclubdubelvedere.fr\/index.php?rest_route=%2Fwp%2Fv2%2Fcomments&post=36"}],"version-history":[{"count":16,"href":"https:\/\/www.cineclubdubelvedere.fr\/index.php?rest_route=\/wp\/v2\/posts\/36\/revisions"}],"predecessor-version":[{"id":659,"href":"https:\/\/www.cineclubdubelvedere.fr\/index.php?rest_route=\/wp\/v2\/posts\/36\/revisions\/659"}],"wp:featuredmedia":[{"embeddable":true,"href":"https:\/\/www.cineclubdubelvedere.fr\/index.php?rest_route=\/wp\/v2\/media\/169"}],"wp:attachment":[{"href":"https:\/\/www.cineclubdubelvedere.fr\/index.php?rest_route=%2Fwp%2Fv2%2Fmedia&parent=36"}],"wp:term":[{"taxonomy":"category","embeddable":true,"href":"https:\/\/www.cineclubdubelvedere.fr\/index.php?rest_route=%2Fwp%2Fv2%2Fcategories&post=36"},{"taxonomy":"post_tag","embeddable":true,"href":"https:\/\/www.cineclubdubelvedere.fr\/index.php?rest_route=%2Fwp%2Fv2%2Ftags&post=36"}],"curies":[{"name":"wp","href":"https:\/\/api.w.org\/{rel}","templated":true}]}}