{"id":481,"date":"2013-09-11T19:28:19","date_gmt":"2013-09-11T18:28:19","guid":{"rendered":"http:\/\/www.cineclubdubelvedere.fr\/?p=481"},"modified":"2013-09-17T17:01:02","modified_gmt":"2013-09-17T16:01:02","slug":"la-saison-20132014","status":"publish","type":"post","link":"https:\/\/www.cineclubdubelvedere.fr\/?p=481","title":{"rendered":"La Saison 2013\/2014"},"content":{"rendered":"<p>par Claude Franza<\/p>\n<p><!--more--><!--more--><\/p>\n<p>La saison 2013-2014 nous fera beaucoup voyager.<\/p>\n<p>Vous \u00eates d\u2019abord invit\u00e9s au Danemark, dans le cadre des Rencontres philosophiques d\u2019Uriage, au \u00ab\u00a0<i>Festin de Babette<\/i>\u00bb qui pr\u00e9c\u00e8de \u00ab\u00a0<i>Le Plaisir<\/i>\u00a0\u00bb de Max Oph\u00fcls d\u2019apr\u00e8s Maupassant.<\/p>\n<p>Apr\u00e8s un d\u00e9but classique avec trois films policiers fran\u00e7ais de HG Clouzot (\u00ab\u00a0<i>L\u2019assassin habite au 21<\/i>\u00bb , \u00ab\u00a0 <i>Le Corbeau<\/i>\u00a0\u00bb, \u00ab\u00a0<i>Les Diaboliques<\/i>\u00a0\u00bb), nous nous aventurons en Allemagne avec Fassbinder <i>(\u00ab\u00a0Le Marchand des 4 saisons\u00a0<\/i>\u00bb), puis au Portugal avec Michel Gomes (\u00ab\u00a0<i>Tabou<\/i>\u00a0\u00bb) un film de 2012 injustement n\u00e9glig\u00e9 par les circuits de distribution majeurs.<\/p>\n<p>Un peu d\u2019Italie, mais quelle Italie\u00a0! Naples en 1944 sous l\u2019\u0153il de De Sica (\u00ab\u00a0<i>Scuiscia<\/i>\u00a0\u00bb) suivi d\u2019un saut en Angleterre pour une trop \u00ab\u00a0<i>Br\u00e8ve Rencontre<\/i>\u00a0\u00bb de David Lean.<\/p>\n<p>Et nous retrouvons nos trois westerns annuels et Jean Jacques Sadoux. (\u00ab\u00a0<i>Convoi de femmes<\/i>\u00a0\u00bb de William A Wellman, \u00ab\u00a0<i>Hombre<\/i>\u00a0\u00bb de Martin Ritt ,et \u00ab\u00a0<i>Le Grand\u00a0 Silence<\/i>\u00a0\u00bb de Sergio Corbucci.)<\/p>\n<p>Retour au calme, et au pays avec \u00ab\u00a0<i>La ville est tranquille<\/i>\u00a0\u00bb, mais comme il s\u2019agit de Marseille\u2026<\/p>\n<p>Quittons l\u2019Europe pour le Japon, et avec OZU redouterons-nous ce \u00ab\u00a0<i>Printemps tardif<\/i>\u00a0\u00bb\u00a0?<br \/>\nLa nostalgie nous ram\u00e8ne \u00e0 \u00ab\u00a0<i>Paris 1900<\/i>\u00a0\u00bb o\u00f9 nous vivrons avec nos amis de l\u2019\u00a0\u00a0\u00ab\u00a0Association du Patrimoine\u00a0\u00bb les pr\u00e9mices de la guerre 1914-18.<\/p>\n<p>Nous terminerons sur deux notes gaies qui encadrent la \u00ab\u00a0Nuit du Cin\u00e9-Club\u00a0\u00bb\u00a0: Trois courts m\u00e9trages de <i>Laurel et Hardy<\/i>, et un film muet \u00e0 d\u00e9couvrir de <i>Charley Chase<\/i>.<\/p>\n<p>Mais surtout, consultez notre site ( cineclubdubelvedere.fr) dans lequel vous trouverez le programme d\u00e9taill\u00e9, \u00e0 jour, les fiches sur chaque film, des contributions qu\u2019ont bien voulu nous confier certains grands critiques cin\u00e9matographiques, les archives de nos films pass\u00e9s, et des renseignements pratiques , horaires, plan d\u2019acc\u00e8s.<\/p>\n","protected":false},"excerpt":{"rendered":"<p>par Claude Franza<\/p>\n","protected":false},"author":1,"featured_media":0,"comment_status":"open","ping_status":"open","sticky":false,"template":"","format":"standard","meta":{"footnotes":""},"categories":[3],"tags":[],"class_list":["post-481","post","type-post","status-publish","format-standard","hentry","category-contributions"],"_links":{"self":[{"href":"https:\/\/www.cineclubdubelvedere.fr\/index.php?rest_route=\/wp\/v2\/posts\/481","targetHints":{"allow":["GET"]}}],"collection":[{"href":"https:\/\/www.cineclubdubelvedere.fr\/index.php?rest_route=\/wp\/v2\/posts"}],"about":[{"href":"https:\/\/www.cineclubdubelvedere.fr\/index.php?rest_route=\/wp\/v2\/types\/post"}],"author":[{"embeddable":true,"href":"https:\/\/www.cineclubdubelvedere.fr\/index.php?rest_route=\/wp\/v2\/users\/1"}],"replies":[{"embeddable":true,"href":"https:\/\/www.cineclubdubelvedere.fr\/index.php?rest_route=%2Fwp%2Fv2%2Fcomments&post=481"}],"version-history":[{"count":13,"href":"https:\/\/www.cineclubdubelvedere.fr\/index.php?rest_route=\/wp\/v2\/posts\/481\/revisions"}],"predecessor-version":[{"id":501,"href":"https:\/\/www.cineclubdubelvedere.fr\/index.php?rest_route=\/wp\/v2\/posts\/481\/revisions\/501"}],"wp:attachment":[{"href":"https:\/\/www.cineclubdubelvedere.fr\/index.php?rest_route=%2Fwp%2Fv2%2Fmedia&parent=481"}],"wp:term":[{"taxonomy":"category","embeddable":true,"href":"https:\/\/www.cineclubdubelvedere.fr\/index.php?rest_route=%2Fwp%2Fv2%2Fcategories&post=481"},{"taxonomy":"post_tag","embeddable":true,"href":"https:\/\/www.cineclubdubelvedere.fr\/index.php?rest_route=%2Fwp%2Fv2%2Ftags&post=481"}],"curies":[{"name":"wp","href":"https:\/\/api.w.org\/{rel}","templated":true}]}}