{"id":546,"date":"2013-05-14T21:07:58","date_gmt":"2013-05-14T20:07:58","guid":{"rendered":"http:\/\/www.cineclubdubelvedere.fr\/?p=546"},"modified":"2022-04-01T17:12:18","modified_gmt":"2022-04-01T16:12:18","slug":"etre-et-avoir-20-novembre-20-h-30","status":"publish","type":"post","link":"https:\/\/www.cineclubdubelvedere.fr\/?p=546","title":{"rendered":"Etre et avoir &#8212;&#8212;&#8212;&#8212;&#8212;&#8212;&#8212;&#8212;&#8211; 23 novembre 20 h 30"},"content":{"rendered":"<p><img loading=\"lazy\" decoding=\"async\" class=\"alignleft size-full wp-image-557\" alt=\"Affiche etre et avoir\" src=\"http:\/\/www.cineclubdubelvedere.fr\/wp-content\/uploads\/2013\/05\/Affiche-etre-et-avoir.jpg\" width=\"200\" height=\"266\">Un film de Nicolas Philibert<\/p>\n<p>2002<\/p>\n<p>Prix Louis Delluc 2002<\/p>\n<p>\u00catre et avoir est un film documentaire fran\u00e7ais r\u00e9alis\u00e9 par Nicolas Philibert. Pr\u00e9sent\u00e9 en s\u00e9lection officielle au Festival de Cannes en mai 2002 et sorti en France le 28 ao\u00fbt 2002, le film suit pendant une ann\u00e9e scolaire un instituteur et sa classe unique d&rsquo;enfants de 4 \u00e0 11 ans dans une \u00e9cole communale situ\u00e9e \u00e0 Saint-\u00c9tienne-sur-Usson, dans le Parc naturel r\u00e9gional Livradois-Forez, en Auvergne.<!--more--><br \/>\n\u00catre et avoir a \u00e9t\u00e9 bien accueilli par les critiques qui ont salu\u00e9 sa simplicit\u00e9 et soulign\u00e9 l&rsquo;\u00e9motion d\u00e9gag\u00e9e par les acteurs. Le travail de montage de Nicolas Philibert a \u00e9t\u00e9 r\u00e9compens\u00e9 par un C\u00e9sar et le film a re\u00e7u de nombreux prix. \u00c0 la surprise du r\u00e9alisateur, le film a rencontr\u00e9 un grand succ\u00e8s aupr\u00e8s du public et a \u00e9t\u00e9 vu par pr\u00e8s de deux millions de spectateurs en France et plus d&rsquo;un million au total dans les dix-sept pays o\u00f9 il est sorti1. Il a \u00e9t\u00e9 le vingti\u00e8me film le plus vu au cin\u00e9ma en France en 2002 et repr\u00e9sente le plus important succ\u00e8s en salle pour un documentaire non-animalier2.<br \/>\nPar la suite, le film a fait l&rsquo;objet d&rsquo;une pol\u00e9mique lorsque, face au succ\u00e8s rencontr\u00e9, l&rsquo;instituteur ainsi que des familles des enfants film\u00e9s ont estim\u00e9 avoir \u00e9t\u00e9 abus\u00e9s par le r\u00e9alisateur et ont r\u00e9clam\u00e9 leur part sur les b\u00e9n\u00e9fices du film ainsi qu&rsquo;un droit sur l&rsquo;utilisation commerciale de leur image, ce qui a relanc\u00e9 le d\u00e9bat sur l&rsquo;avenir des films documentaires.<\/p>\n","protected":false},"excerpt":{"rendered":"<p>Un film de Nicolas Philibert 2002 Prix Louis Delluc 2002 \u00catre et avoir est un film documentaire fran\u00e7ais r\u00e9alis\u00e9 par Nicolas Philibert. Pr\u00e9sent\u00e9 en s\u00e9lection officielle au Festival de Cannes en mai 2002 et sorti en France le 28 ao\u00fbt 2002, le film suit pendant une ann\u00e9e scolaire un instituteur et sa classe unique d&rsquo;enfants <a class=\"more-link\" href=\"https:\/\/www.cineclubdubelvedere.fr\/?p=546\">Lire plus &#8230;<\/a><\/p>\n","protected":false},"author":1,"featured_media":548,"comment_status":"open","ping_status":"open","sticky":false,"template":"","format":"standard","meta":{"footnotes":""},"categories":[8],"tags":[],"class_list":["post-546","post","type-post","status-publish","format-standard","has-post-thumbnail","hentry","category-archives"],"_links":{"self":[{"href":"https:\/\/www.cineclubdubelvedere.fr\/index.php?rest_route=\/wp\/v2\/posts\/546","targetHints":{"allow":["GET"]}}],"collection":[{"href":"https:\/\/www.cineclubdubelvedere.fr\/index.php?rest_route=\/wp\/v2\/posts"}],"about":[{"href":"https:\/\/www.cineclubdubelvedere.fr\/index.php?rest_route=\/wp\/v2\/types\/post"}],"author":[{"embeddable":true,"href":"https:\/\/www.cineclubdubelvedere.fr\/index.php?rest_route=\/wp\/v2\/users\/1"}],"replies":[{"embeddable":true,"href":"https:\/\/www.cineclubdubelvedere.fr\/index.php?rest_route=%2Fwp%2Fv2%2Fcomments&post=546"}],"version-history":[{"count":11,"href":"https:\/\/www.cineclubdubelvedere.fr\/index.php?rest_route=\/wp\/v2\/posts\/546\/revisions"}],"predecessor-version":[{"id":2239,"href":"https:\/\/www.cineclubdubelvedere.fr\/index.php?rest_route=\/wp\/v2\/posts\/546\/revisions\/2239"}],"wp:featuredmedia":[{"embeddable":true,"href":"https:\/\/www.cineclubdubelvedere.fr\/index.php?rest_route=\/wp\/v2\/media\/548"}],"wp:attachment":[{"href":"https:\/\/www.cineclubdubelvedere.fr\/index.php?rest_route=%2Fwp%2Fv2%2Fmedia&parent=546"}],"wp:term":[{"taxonomy":"category","embeddable":true,"href":"https:\/\/www.cineclubdubelvedere.fr\/index.php?rest_route=%2Fwp%2Fv2%2Fcategories&post=546"},{"taxonomy":"post_tag","embeddable":true,"href":"https:\/\/www.cineclubdubelvedere.fr\/index.php?rest_route=%2Fwp%2Fv2%2Ftags&post=546"}],"curies":[{"name":"wp","href":"https:\/\/api.w.org\/{rel}","templated":true}]}}