{"id":572,"date":"2013-12-07T19:25:15","date_gmt":"2013-12-07T18:25:15","guid":{"rendered":"http:\/\/www.cineclubdubelvedere.fr\/?p=572"},"modified":"2014-01-15T17:51:12","modified_gmt":"2014-01-15T16:51:12","slug":"sciuscia-7-janvier-2014","status":"publish","type":"post","link":"https:\/\/www.cineclubdubelvedere.fr\/?p=572","title":{"rendered":"Sciuscia&#8212;&#8212; 7 janvier 2014"},"content":{"rendered":"<p><img loading=\"lazy\" decoding=\"async\" class=\"alignleft size-full wp-image-580\" alt=\"Affiche Sciuscia\" src=\"http:\/\/www.cineclubdubelvedere.fr\/wp-content\/uploads\/2013\/12\/Affiche-Sciuscia.jpg\" width=\"150\" height=\"200\" \/>R\u00e9alisateur : Vittorio de Sica<\/p>\n<p>Date : 1946<\/p>\n<p>Avec : Franco Interlenghi<\/p>\n<p>Rinaldo Smordoni<\/p>\n<p>Dur\u00e9e 93 mn<\/p>\n<table>\n<tbody>\n<tr>\n<th scope=\"row\"><\/th>\n<td>\n<div>\n<p>&nbsp;<\/p>\n<\/div>\n<\/td>\n<\/tr>\n<\/tbody>\n<\/table>\n<p>Film sur l&rsquo;enfance malheureuse, contemporain de Rome, ville ouverte, Sciusci\u00e0 est une des \u0153uvres fondatrices du n\u00e9o-r\u00e9alisme. Vittorio De Sica avait d\u00e9j\u00e0 r\u00e9alis\u00e9 en 1942, Les Enfants nous regardent qui, par bien des aspects, laissait augurer d&rsquo;un renouveau du cin\u00e9ma italien.<\/p>\n<p>Dans le premier film n\u00e9o-r\u00e9aliste de Vittorio De Sica, on retrouve les sp\u00e9cificit\u00e9s du mouvement : \u00ab la volont\u00e9 de description et de d\u00e9nonciation sociales, l&rsquo;utilisation d&rsquo;ext\u00e9rieurs r\u00e9els et d&rsquo;interpr\u00e8tes non professionnels. \u00bb1<\/p>\n<p>Lors de sa sortie italienne, le film n&rsquo;eut aucun succ\u00e8s commercial. Le producteur Paolo W. Tamburella dut se r\u00e9soudre \u00e0 le vendre en France et aux \u00c9tats-Unis \u00e0 un prix d\u00e9risoire. Mais, c&rsquo;est pr\u00e9cis\u00e9ment dans ces pays que Sciusci\u00e0 re\u00e7ut, alors, un bel accueil public. Les Italiens furent donc forc\u00e9s de reconsid\u00e9rer leur jugement.<\/p>\n<p>Bien que Sciusci\u00e0 soit une parfaite tranche de vie, en concordance avec l&rsquo;\u00e9thique n\u00e9o-r\u00e9aliste, il se pr\u00e9sente aussi comme \u00ab une fable poignante, presque une all\u00e9gorie, sur le go\u00fbt de la puret\u00e9 et du d\u00e9passement contrari\u00e9 par le cynisme et la cruaut\u00e9 du monde. \u00bb2<\/p>\n<p>Le sc\u00e9nario du film \u00ab pr\u00e9sente, sur le plan dramatique, une s\u00e9rie de fausses culpabilit\u00e9s rejaillissant en cha\u00eene les unes sur les autres. \u00bb3 La mis\u00e8re sociale est, de ce fait, plus nettement d\u00e9sign\u00e9e comme responsable de tous les malheurs.<\/p>\n<p>Mais, on ne doit pas ignorer, non plus, ce qu&rsquo;exprimait Vittorio De Sica dans un texte publi\u00e9 par la revue La Table ronde, en mai 1960 : \u00ab L&rsquo;exp\u00e9rience de la guerre fut d\u00e9terminante pour nous tous. [&#8230;] Nous cherchions \u00e0 nous lib\u00e9rer du poids de nos fautes, nous voulions nous regarder en face, et nous dire la v\u00e9rit\u00e9, d\u00e9couvrir ce que nous \u00e9tions r\u00e9ellement, et chercher le salut. Je crois que Sciusci\u00e0, le film qui est n\u00e9 de ce besoin, a marqu\u00e9 la fin de mes mises en sc\u00e8ne commerciales [&#8230;] \u00bb<\/p>\n<p><b>VITTORIO DE SICA<\/b><\/p>\n<p>Deux ans avant d\u2019entrer dans l&rsquo;Histoire du cin\u00e9ma avec \u00ab\u00a0Le Voleur de bicyclette\u00a0\u00bb, Vittorio De Sica et C\u00e9sare Zavattini r\u00e9alisent avec Sciusci\u00e0 l&rsquo;un des premiers grands films du N\u00e9o r\u00e9alisme italien.<\/p>\n<p>Une fois encore comme dans le film \u00ab\u00a0Les enfants nous regardent\u00a0\u00bb les auteurs se placent du cot\u00e9 des enfants.<\/p>\n<p>La cr\u00e9ation n\u2019est pas faite seulement d\u2019intelligence mais d\u2019affection gr\u00e2ce \u00e0 la collaboration intellectuelle de <b>De Sica et Zavattini<\/b>, deux esprits fraternels.<\/p>\n<p>&nbsp;<\/p>\n<p><b>Sujet\u00a0:<\/b><\/p>\n<p>Le titre est une d\u00e9formation du terme am\u00e9ricain\u00a0: \u00ab\u00a0Shoe Shine\u00a0\u00bb (cirer chaussures) que les Italiens orthographient phon\u00e9tiquement Sciusci\u00e0. Le film est l\u2019histoire de quelques uns de ces enfants, pitoyables \u00e9paves de la guerre, contraints pour vivre \u00e0 pratiquer des petits m\u00e9tiers de circonstances qui les menaient in\u00e9vitablement au march\u00e9 noir.<\/p>\n<p>&nbsp;<\/p>\n<p><b>Critique du film\u00a0:<\/b><\/p>\n<p>T\u00e9moin direct de la mis\u00e8re sociale, Sciusci\u00e0 se situe d\u00e9lib\u00e9r\u00e9ment loin d&rsquo;un cin\u00e9ma sophistiqu\u00e9, avec des acteurs et des d\u00e9cors choisis pour leur apparente simplicit\u00e9. R\u00e9compens\u00e9 par l&rsquo;Oscar du meilleur film \u00e9tranger en 1947, ce chef d&rsquo;oeuvre \u00e9pur\u00e9 et bouleversant adopte avec un ton souvent proche du documentaire le point de vue des enfants de la Guerre, livr\u00e9s \u00e0 eux-m\u00eames, qui tentent de survivre \u00e0 la sortie du conflit. Malgr\u00e9 le d\u00e9sir de retrouver une innocence trop t\u00f4t envol\u00e9e, la r\u00e9alit\u00e9 reprend souvent le dessus et les conditions d&rsquo;incarc\u00e9ration des jeunes renvoient aux tensions v\u00e9cues peu de temps auparavant. Les trahisons, les collaborations, les s\u00e9vices et m\u00eame les conditions hygi\u00e9niques renvoient encore et toujours aux pires heures de la Seconde Guerre Mondiale et parviennent m\u00eame \u00e0 briser l&rsquo;amiti\u00e9 voire l&rsquo;amour entre deux \u00eatres. Pour Vittorio De Sica les enfants ne devraient jamais conna\u00eetre la haine, la barbarie, les blessures&#8230;mais ils ne peuvent malheureusement pas s&rsquo;envoler comme \u00e0 la fin de Miracle \u00e0 Milan pour y \u00e9chapper.<\/p>\n<p><b>\u00a0<\/b><\/p>\n<p>&nbsp;<\/p>\n<p><b>Fiche technique du film Sciusci\u00e0<\/b><\/p>\n<p><b>\u00a0<\/b><\/p>\n<ul>\n<li>R\u00e9alisation\u00a0: <a title=\"Vittorio De Sica\" href=\"http:\/\/fr.wikipedia.org\/wiki\/Vittorio_De_Sica\"><span style=\"color: #0000ff;\">Vittorio De Sica<\/span><\/a><\/li>\n<li>Assistants\u00a0: <a title=\"Umberto Scarpelli\" href=\"http:\/\/fr.wikipedia.org\/wiki\/Umberto_Scarpelli\"><span style=\"color: #0000ff;\">Umberto Scarpelli<\/span><\/a>, <a title=\"Armando W. Tamburella (page inexistante)\" href=\"http:\/\/fr.wikipedia.org\/w\/index.php?title=Armando_W._Tamburella&amp;action=edit&amp;redlink=1\"><span style=\"color: #0000ff;\">Armando W. Tamburella<\/span><\/a>, <a title=\"Argi Rovelli (page inexistante)\" href=\"http:\/\/fr.wikipedia.org\/w\/index.php?title=Argi_Rovelli&amp;action=edit&amp;redlink=1\"><span style=\"color: #0000ff;\">Argi Rovelli<\/span><\/a>, <a title=\"Elmo De Sica (page inexistante)\" href=\"http:\/\/fr.wikipedia.org\/w\/index.php?title=Elmo_De_Sica&amp;action=edit&amp;redlink=1\"><span style=\"color: #0000ff;\">Elmo De Sica<\/span><\/a><\/li>\n<li>Sc\u00e9nario\u00a0: <a title=\"Sergio Amidei\" href=\"http:\/\/fr.wikipedia.org\/wiki\/Sergio_Amidei\"><span style=\"color: #0000ff;\">Sergio Amidei<\/span><\/a>, <a title=\"Adolfo Franci (page inexistante)\" href=\"http:\/\/fr.wikipedia.org\/w\/index.php?title=Adolfo_Franci&amp;action=edit&amp;redlink=1\"><span style=\"color: #0000ff;\">Adolfo Franci<\/span><\/a>, <a title=\"Cesare Giulio Viola (page inexistante)\" href=\"http:\/\/fr.wikipedia.org\/w\/index.php?title=Cesare_Giulio_Viola&amp;action=edit&amp;redlink=1\"><span style=\"color: #0000ff;\">Cesare Giulio Viola<\/span><\/a>, <a title=\"Cesare Zavattini\" href=\"http:\/\/fr.wikipedia.org\/wiki\/Cesare_Zavattini\"><span style=\"color: #0000ff;\">Cesare Zavattini<\/span><\/a><\/li>\n<li>D\u00e9cors\u00a0: <a title=\"Ivo Battelli (page inexistante)\" href=\"http:\/\/fr.wikipedia.org\/w\/index.php?title=Ivo_Battelli&amp;action=edit&amp;redlink=1\"><span style=\"color: #0000ff;\">Ivo Battelli<\/span><\/a><\/li>\n<li>Photographie\u00a0: <a title=\"Anchise Brizzi (page inexistante)\" href=\"http:\/\/fr.wikipedia.org\/w\/index.php?title=Anchise_Brizzi&amp;action=edit&amp;redlink=1\"><span style=\"color: #0000ff;\">Anchise Brizzi<\/span><\/a><\/li>\n<li>Son\u00a0: <a title=\"Tullio Parmeggiani (page inexistante)\" href=\"http:\/\/fr.wikipedia.org\/w\/index.php?title=Tullio_Parmeggiani&amp;action=edit&amp;redlink=1\"><span style=\"color: #0000ff;\">Tullio Parmeggiani<\/span><\/a><\/li>\n<li>Montage\u00a0: <a title=\"Nicol\u00f2 Lazzari (page inexistante)\" href=\"http:\/\/fr.wikipedia.org\/w\/index.php?title=Nicol%C3%B2_Lazzari&amp;action=edit&amp;redlink=1\"><span style=\"color: #0000ff;\">Nicol\u00f2 Lazzari<\/span><\/a><\/li>\n<li>Musique\u00a0: <a title=\"Alessandro Cicognini\" href=\"http:\/\/fr.wikipedia.org\/wiki\/Alessandro_Cicognini\"><span style=\"color: #0000ff;\">Alessandro Cicognini<\/span><\/a><\/li>\n<li>Production\u00a0: Giuseppe Amato, <a title=\"Paolo William Tamburella (page inexistante)\" href=\"http:\/\/fr.wikipedia.org\/w\/index.php?title=Paolo_William_Tamburella&amp;action=edit&amp;redlink=1\"><span style=\"color: #0000ff;\">Paolo William Tamburella<\/span><\/a><\/li>\n<li>Soci\u00e9t\u00e9 de production\u00a0: <a title=\"Alfa Cinematografica (page inexistante)\" href=\"http:\/\/fr.wikipedia.org\/w\/index.php?title=Alfa_Cinematografica&amp;action=edit&amp;redlink=1\"><span style=\"color: #0000ff;\">Alfa Cinematografica<\/span><\/a><\/li>\n<li>Soci\u00e9t\u00e9 de distribution\u00a0: \u00a0<a title=\"France\" href=\"http:\/\/fr.wikipedia.org\/wiki\/France\"><span style=\"color: #0000ff;\">France<\/span><\/a> <a title=\"Compagnie Ind\u00e9pendante de Distribution (page inexistante)\" href=\"http:\/\/fr.wikipedia.org\/w\/index.php?title=Compagnie_Ind%C3%A9pendante_de_Distribution&amp;action=edit&amp;redlink=1\"><span style=\"color: #0000ff;\">Compagnie Ind\u00e9pendante de Distribution<\/span><\/a><\/li>\n<li>Pays d\u2019origine\u00a0: \u00a0<a title=\"Italie\" href=\"http:\/\/fr.wikipedia.org\/wiki\/Italie\"><span style=\"color: #0000ff;\">Italie<\/span><\/a><\/li>\n<li>Langue\u00a0: <a title=\"Italien\" href=\"http:\/\/fr.wikipedia.org\/wiki\/Italien\"><span style=\"color: #0000ff;\">Italien<\/span><\/a><\/li>\n<li>Format\u00a0: Noir et blanc &#8211; <a title=\"Format de pellicule photographique\" href=\"http:\/\/fr.wikipedia.org\/wiki\/Format_de_pellicule_photographique\"><span style=\"color: #0000ff;\">35 mm<\/span><\/a><\/li>\n<li>Dur\u00e9e\u00a0: 93 minutes<\/li>\n<li>Dates de sortie\u00a0: en Italie 27 avril 1946<\/li>\n<\/ul>\n<p>&nbsp;<\/p>\n<p><b>Distribution\u00a0:<\/b><\/p>\n<ul>\n<li><a title=\"Franco Interlenghi\" href=\"http:\/\/fr.wikipedia.org\/wiki\/Franco_Interlenghi\"><span style=\"color: #0000ff;\">Franco Interlenghi<\/span><\/a>\u00a0: Pasquale Maggi<\/li>\n<li><a title=\"Rinaldo Smordoni (page inexistante)\" href=\"http:\/\/fr.wikipedia.org\/w\/index.php?title=Rinaldo_Smordoni&amp;action=edit&amp;redlink=1\"><span style=\"color: #0000ff;\">Rinaldo Smordoni<\/span><\/a>\u00a0: Giuseppe Filippucci<\/li>\n<li><a title=\"Aniello Mele (page inexistante)\" href=\"http:\/\/fr.wikipedia.org\/w\/index.php?title=Aniello_Mele&amp;action=edit&amp;redlink=1\"><span style=\"color: #0000ff;\">Aniello Mele<\/span><\/a>\u00a0: Raffaele<\/li>\n<li><a title=\"Maria Ciampi (page inexistante)\" href=\"http:\/\/fr.wikipedia.org\/w\/index.php?title=Maria_Ciampi&amp;action=edit&amp;redlink=1\"><span style=\"color: #0000ff;\">Maria Ciampi<\/span><\/a>\u00a0: la voyante<\/li>\n<li><a title=\"Pacifio Astrologo (page inexistante)\" href=\"http:\/\/fr.wikipedia.org\/w\/index.php?title=Pacifio_Astrologo&amp;action=edit&amp;redlink=1\"><span style=\"color: #0000ff;\">Pacifio Astrologo<\/span><\/a>\u00a0: Vittorio<\/li>\n<li><a title=\"Enrico De Silva (page inexistante)\" href=\"http:\/\/fr.wikipedia.org\/w\/index.php?title=Enrico_De_Silva&amp;action=edit&amp;redlink=1\"><span style=\"color: #0000ff;\">Enrico De Silva<\/span><\/a>\u00a0: Giorgio<\/li>\n<li><a title=\"Bruno Ortensi (page inexistante)\" href=\"http:\/\/fr.wikipedia.org\/w\/index.php?title=Bruno_Ortensi&amp;action=edit&amp;redlink=1\"><span style=\"color: #0000ff;\">Bruno Ortensi<\/span><\/a>\u00a0: Arcangeli<\/li>\n<li><a title=\"Emilio Cigoli (page inexistante)\" href=\"http:\/\/fr.wikipedia.org\/w\/index.php?title=Emilio_Cigoli&amp;action=edit&amp;redlink=1\"><span style=\"color: #0000ff;\">Emilio Cigoli<\/span><\/a>\u00a0: Staffera<\/li>\n<li><a title=\"Antonio Nicotra (page inexistante)\" href=\"http:\/\/fr.wikipedia.org\/w\/index.php?title=Antonio_Nicotra&amp;action=edit&amp;redlink=1\"><span style=\"color: #0000ff;\">Antonio Nicotra<\/span><\/a>\u00a0: L&rsquo;Abruzzese<\/li>\n<li><a title=\"Anna Pedroni (page inexistante)\" href=\"http:\/\/fr.wikipedia.org\/w\/index.php?title=Anna_Pedroni&amp;action=edit&amp;redlink=1\"><span style=\"color: #0000ff;\">Anna Pedroni<\/span><\/a>\u00a0: Nannarella<\/li>\n<li><a title=\"Gino Saltamerenda (page inexistante)\" href=\"http:\/\/fr.wikipedia.org\/w\/index.php?title=Gino_Saltamerenda&amp;action=edit&amp;redlink=1\"><span style=\"color: #0000ff;\">Gino Saltamerenda<\/span><\/a>\u00a0: le \u00ab\u00a0panza\u00a0\u00bb\n<p><b>Principaux films r\u00e9alis\u00e9s par De Sica\u00a0:<\/b><\/p>\n<p>Il r\u00e9alisa entre 1940 et 1974 une trentaine de films longs m\u00e9trages et 4 courts m\u00e9trages.<\/p>\n<ul>\n<li><a title=\"1943 au cin\u00e9ma\" href=\"http:\/\/fr.wikipedia.org\/wiki\/1943_au_cin%C3%A9ma\"><span style=\"color: #0000ff;\">1943<\/span><\/a>\u00a0: <i><a title=\"Les enfants nous regardent\" href=\"http:\/\/fr.wikipedia.org\/wiki\/Les_enfants_nous_regardent\"><span style=\"color: #0000ff;\">Les enfants nous regardent<\/span><\/a><\/i> (<i>I bambini ci guardano<\/i>)<\/li>\n<li><a title=\"1946 au cin\u00e9ma\" href=\"http:\/\/fr.wikipedia.org\/wiki\/1946_au_cin%C3%A9ma\"><span style=\"color: #0000ff;\">1946<\/span><\/a>\u00a0: <i><a title=\"Sciusci\u00e0 (film)\" href=\"http:\/\/fr.wikipedia.org\/wiki\/Sciusci%C3%A0_%28film%29\"><span style=\"color: #0000ff;\">Sciusci\u00e0<\/span><\/a><\/i><\/li>\n<li><a title=\"1948 au cin\u00e9ma\" href=\"http:\/\/fr.wikipedia.org\/wiki\/1948_au_cin%C3%A9ma\"><span style=\"color: #0000ff;\">1948<\/span><\/a>\u00a0: <i><a title=\"Le Voleur de bicyclette\" href=\"http:\/\/fr.wikipedia.org\/wiki\/Le_Voleur_de_bicyclette\"><span style=\"color: #0000ff;\">Le Voleur de bicyclette<\/span><\/a><\/i> (<i>Ladri di biciclette<\/i>)<\/li>\n<li><a title=\"1951 au cin\u00e9ma\" href=\"http:\/\/fr.wikipedia.org\/wiki\/1951_au_cin%C3%A9ma\"><span style=\"color: #0000ff;\">1951<\/span><\/a>\u00a0: <i><a title=\"Miracle \u00e0 Milan\" href=\"http:\/\/fr.wikipedia.org\/wiki\/Miracle_%C3%A0_Milan\"><span style=\"color: #0000ff;\">Miracle \u00e0 Milan<\/span><\/a><\/i> (<i>Miracolo a Milano<\/i>)<\/li>\n<li><a title=\"1952 au cin\u00e9ma\" href=\"http:\/\/fr.wikipedia.org\/wiki\/1952_au_cin%C3%A9ma\"><span style=\"color: #0000ff;\">1952<\/span><\/a>\u00a0: <i><a title=\"Umberto D.\" href=\"http:\/\/fr.wikipedia.org\/wiki\/Umberto_D.\"><span style=\"color: #0000ff;\">Umberto D.<\/span><\/a><\/i><\/li>\n<li><a title=\"1953 au cin\u00e9ma\" href=\"http:\/\/fr.wikipedia.org\/wiki\/1953_au_cin%C3%A9ma\"><span style=\"color: #0000ff;\">1953<\/span><\/a>\u00a0: <i><a title=\"Station Terminus\" href=\"http:\/\/fr.wikipedia.org\/wiki\/Station_Terminus\"><span style=\"color: #0000ff;\">Station Terminus<\/span><\/a><\/i> (<i>Stazione Termini<\/i>)<\/li>\n<li><a title=\"1954 au cin\u00e9ma\" href=\"http:\/\/fr.wikipedia.org\/wiki\/1954_au_cin%C3%A9ma\"><span style=\"color: #0000ff;\">1954<\/span><\/a>\u00a0: <i><a title=\"L'Or de Naples\" href=\"http:\/\/fr.wikipedia.org\/wiki\/L%27Or_de_Naples\"><span style=\"color: #0000ff;\">L&rsquo;Or de Naples<\/span><\/a><\/i> (<i>L&rsquo;Oro di Napoli<\/i>)<\/li>\n<li><a title=\"1956 au cin\u00e9ma\" href=\"http:\/\/fr.wikipedia.org\/wiki\/1956_au_cin%C3%A9ma\"><span style=\"color: #0000ff;\">1956<\/span><\/a>\u00a0: <i><a title=\"Le Toit\" href=\"http:\/\/fr.wikipedia.org\/wiki\/Le_Toit\"><span style=\"color: #0000ff;\">Le Toit<\/span><\/a><\/i> (<i>Il Tetto<\/i>)<\/li>\n<li><a title=\"1960 au cin\u00e9ma\" href=\"http:\/\/fr.wikipedia.org\/wiki\/1960_au_cin%C3%A9ma\"><span style=\"color: #0000ff;\">1960<\/span><\/a>\u00a0: <i><a title=\"La Paysanne aux pieds nus\" href=\"http:\/\/fr.wikipedia.org\/wiki\/La_Paysanne_aux_pieds_nus\"><span style=\"color: #0000ff;\">La Paysanne aux pieds nus<\/span><\/a><\/i> (<i>La ciociara<\/i>)<\/li>\n<li><a title=\"1963 au cin\u00e9ma\" href=\"http:\/\/fr.wikipedia.org\/wiki\/1963_au_cin%C3%A9ma\"><span style=\"color: #0000ff;\">1963<\/span><\/a>\u00a0: <i><a title=\"Hier, aujourd'hui et demain\" href=\"http:\/\/fr.wikipedia.org\/wiki\/Hier,_aujourd%27hui_et_demain\"><span style=\"color: #0000ff;\">Hier, aujourd&rsquo;hui et demain<\/span><\/a><\/i> (<i>Ieri, oggi, domani<\/i>)<\/li>\n<li><a title=\"1964 au cin\u00e9ma\" href=\"http:\/\/fr.wikipedia.org\/wiki\/1964_au_cin%C3%A9ma\"><span style=\"color: #0000ff;\">1964<\/span><\/a>\u00a0: <i><a title=\"Mariage \u00e0 l'italienne\" href=\"http:\/\/fr.wikipedia.org\/wiki\/Mariage_%C3%A0_l%27italienne\"><span style=\"color: #0000ff;\">Mariage \u00e0 l&rsquo;italienne<\/span><\/a><\/i> (<i>Matrimonio all&rsquo;italiana<\/i>)<\/li>\n<li><a title=\"1970 au cin\u00e9ma\" href=\"http:\/\/fr.wikipedia.org\/wiki\/1970_au_cin%C3%A9ma\"><span style=\"color: #0000ff;\">1970<\/span><\/a>\u00a0: <i><a title=\"Le Jardin des Finzi-Contini (film)\" href=\"http:\/\/fr.wikipedia.org\/wiki\/Le_Jardin_des_Finzi-Contini_%28film%29\"><span style=\"color: #0000ff;\">Le Jardin des Finzi-Contini<\/span><\/a><\/i> (<i>Il giardino dei Finzi Contini<\/i>)<\/li>\n<\/ul>\n<p><b>\u00a0<\/b><\/p>\n<p><b>Principaux r\u00f4les d\u2019acteur pour De Sica\u00a0:<\/b><\/p>\n<p>Comme acteur r\u00e9put\u00e9 et s\u00e9ducteur il joua de 1917 \u00e0 1974 dans 160 films \u2026les plus c\u00e9l\u00e8bres\u00a0:<\/p>\n<p>&nbsp;<\/p>\n<ul>\n<li>1932\u00a0: <i><a title=\"Les Hommes, quels mufles\u00a0!\" href=\"http:\/\/fr.wikipedia.org\/wiki\/Les_Hommes,_quels_mufles_%21\"><span style=\"color: #0000ff;\">Les Hommes, quels mufles\u00a0!<\/span><\/a> (Gli uomini, che mascalzoni&#8230;)<\/i> de <a title=\"Mario Camerini\" href=\"http:\/\/fr.wikipedia.org\/wiki\/Mario_Camerini\"><span style=\"color: #0000ff;\">Mario Camerini<\/span><\/a>, r\u00f4le<\/li>\n<\/ul>\n<p>de <i>Bruno<\/i><\/p>\n<ul>\n<li>1954\u00a0: <i><a title=\"Pain, amour et jalousie\" href=\"http:\/\/fr.wikipedia.org\/wiki\/Pain,_amour_et_jalousie\"><span style=\"color: #0000ff;\">Pain, amour et jalousie<\/span><\/a> (Pane, amore e gelosia)<\/i> de <a title=\"Luigi Comencini\" href=\"http:\/\/fr.wikipedia.org\/wiki\/Luigi_Comencini\"><span style=\"color: #0000ff;\">Luigi Comencini<\/span><\/a> avec <a title=\"Gina Lollobrigida\" href=\"http:\/\/fr.wikipedia.org\/wiki\/Gina_Lollobrigida\"><span style=\"color: #0000ff;\">Gina Lollobrigida<\/span><\/a>, <a title=\"Marisa Merlini\" href=\"http:\/\/fr.wikipedia.org\/wiki\/Marisa_Merlini\"><span style=\"color: #0000ff;\">Marisa Merlini<\/span><\/a>, r\u00f4le d&rsquo;<i>Antonio Carotenuto, mar\u00e9chal des carabiniers<\/i><\/li>\n<li>1953\u00a0: <i><a title=\"Madame de...\" href=\"http:\/\/fr.wikipedia.org\/wiki\/Madame_de...\"><span style=\"color: #0000ff;\">Madame de&#8230;<\/span><\/a> (Gioielli di Madame de\u2026)<\/i> de <a title=\"Max Oph\u00fcls\" href=\"http:\/\/fr.wikipedia.org\/wiki\/Max_Oph%C3%BCls\"><span style=\"color: #0000ff;\">Max Oph\u00fcls<\/span><\/a> avec <a title=\"Charles Boyer\" href=\"http:\/\/fr.wikipedia.org\/wiki\/Charles_Boyer\"><span style=\"color: #0000ff;\">Charles Boyer<\/span><\/a>, <a title=\"Danielle Darrieux\" href=\"http:\/\/fr.wikipedia.org\/wiki\/Danielle_Darrieux\"><span style=\"color: #0000ff;\">Danielle Darrieux<\/span><\/a>, r\u00f4le du <i>baron Fabrizio Donati<\/i><\/li>\n<li>1959\u00a0: <i><a title=\"Le G\u00e9n\u00e9ral Della Rovere\" href=\"http:\/\/fr.wikipedia.org\/wiki\/Le_G%C3%A9n%C3%A9ral_Della_Rovere\"><span style=\"color: #0000ff;\">Le G\u00e9n\u00e9ral Della Rovere<\/span><\/a> (Il generale Della Rovere)<\/i> de <a title=\"Roberto Rossellini\" href=\"http:\/\/fr.wikipedia.org\/wiki\/Roberto_Rossellini\"><span style=\"color: #0000ff;\">Roberto Rossellini<\/span><\/a> avec <a title=\"Sandra Milo\" href=\"http:\/\/fr.wikipedia.org\/wiki\/Sandra_Milo\"><span style=\"color: #0000ff;\">Sandra Milo<\/span><\/a>, <a title=\"Giovanna Ralli\" href=\"http:\/\/fr.wikipedia.org\/wiki\/Giovanna_Ralli\"><span style=\"color: #0000ff;\">Giovanna Ralli<\/span><\/a>, r\u00f4le de <i>Victorio Emanuele Bardone\/Grimaldi<\/i><\/li>\n<\/ul>\n<\/li>\n<\/ul>\n","protected":false},"excerpt":{"rendered":"<p>R\u00e9alisateur : Vittorio de Sica Date : 1946 Avec : Franco Interlenghi Rinaldo Smordoni Dur\u00e9e 93 mn &nbsp; Film sur l&rsquo;enfance malheureuse, contemporain de Rome, ville ouverte, Sciusci\u00e0 est une des \u0153uvres fondatrices du n\u00e9o-r\u00e9alisme. Vittorio De Sica avait d\u00e9j\u00e0 r\u00e9alis\u00e9 en 1942, Les Enfants nous regardent qui, par bien des aspects, laissait augurer d&rsquo;un <a class=\"more-link\" href=\"https:\/\/www.cineclubdubelvedere.fr\/?p=572\">Lire plus &#8230;<\/a><\/p>\n","protected":false},"author":1,"featured_media":575,"comment_status":"open","ping_status":"open","sticky":false,"template":"","format":"standard","meta":{"footnotes":""},"categories":[8],"tags":[],"class_list":["post-572","post","type-post","status-publish","format-standard","has-post-thumbnail","hentry","category-archives"],"_links":{"self":[{"href":"https:\/\/www.cineclubdubelvedere.fr\/index.php?rest_route=\/wp\/v2\/posts\/572","targetHints":{"allow":["GET"]}}],"collection":[{"href":"https:\/\/www.cineclubdubelvedere.fr\/index.php?rest_route=\/wp\/v2\/posts"}],"about":[{"href":"https:\/\/www.cineclubdubelvedere.fr\/index.php?rest_route=\/wp\/v2\/types\/post"}],"author":[{"embeddable":true,"href":"https:\/\/www.cineclubdubelvedere.fr\/index.php?rest_route=\/wp\/v2\/users\/1"}],"replies":[{"embeddable":true,"href":"https:\/\/www.cineclubdubelvedere.fr\/index.php?rest_route=%2Fwp%2Fv2%2Fcomments&post=572"}],"version-history":[{"count":13,"href":"https:\/\/www.cineclubdubelvedere.fr\/index.php?rest_route=\/wp\/v2\/posts\/572\/revisions"}],"predecessor-version":[{"id":693,"href":"https:\/\/www.cineclubdubelvedere.fr\/index.php?rest_route=\/wp\/v2\/posts\/572\/revisions\/693"}],"wp:featuredmedia":[{"embeddable":true,"href":"https:\/\/www.cineclubdubelvedere.fr\/index.php?rest_route=\/wp\/v2\/media\/575"}],"wp:attachment":[{"href":"https:\/\/www.cineclubdubelvedere.fr\/index.php?rest_route=%2Fwp%2Fv2%2Fmedia&parent=572"}],"wp:term":[{"taxonomy":"category","embeddable":true,"href":"https:\/\/www.cineclubdubelvedere.fr\/index.php?rest_route=%2Fwp%2Fv2%2Fcategories&post=572"},{"taxonomy":"post_tag","embeddable":true,"href":"https:\/\/www.cineclubdubelvedere.fr\/index.php?rest_route=%2Fwp%2Fv2%2Ftags&post=572"}],"curies":[{"name":"wp","href":"https:\/\/api.w.org\/{rel}","templated":true}]}}